{"id":4178,"date":"2020-10-20T01:02:58","date_gmt":"2020-10-20T04:02:58","guid":{"rendered":"https:\/\/dev.clinicadacidade.com.br\/?p=4178"},"modified":"2020-10-20T01:02:58","modified_gmt":"2020-10-20T04:02:58","slug":"cuidados-com-a-pele-ao-tomar-sol","status":"publish","type":"post","link":"https:\/\/dev.labmidia.com.br\/clinica\/blog\/cuidados-com-a-pele-ao-tomar-sol\/","title":{"rendered":"Cuidados com a pele ao tomar sol"},"content":{"rendered":"<p>Os protetores solares s\u00e3o agentes qu\u00edmicos que dificultam a radia\u00e7\u00e3o de UVA (ultravioleta A) e UVB (ultravioleta B). UVA \u00e9 uma radia\u00e7\u00e3o praticamente constante durante o dia, respons\u00e1vel pelo envelhecimento acelerado, j\u00e1 a radia\u00e7\u00e3o UVB penetra de maneira mais superficial na pele.<\/p>\n<div><\/div>\n<p>Essas radia\u00e7\u00f5es podem afetar nossa pele provocando envelhecimento precoce, podendo desenvolver c\u00e2ncer de pele, manchas, queimaduras, bolhas e descama\u00e7\u00e3o.<\/p>\n<div><\/div>\n<h2><strong>Filtro Solar<\/strong><\/h2>\n<div><\/div>\n<div>O FPS (Fator de Prote\u00e7\u00e3o Solar) indica o grau de prote\u00e7\u00e3o contra queimaduras oferecido pelo filtro solar. Quando se utiliza um filtro com FPS 30, por exemplo, significa que voc\u00ea est\u00e1 30 vezes mais protegido do que se estivesse sem nada.<\/div>\n<div><\/div>\n<h2><strong>Manchas de pele<\/strong><\/h2>\n<div><\/div>\n<p>A exposi\u00e7\u00e3o excessiva ao Sol pode causar manchas na pele, as quais podem ser na cor branca, vermelha, marrom, preta ou ent\u00e3o roxa, por\u00e9m n\u00e3o somente pela exposi\u00e7\u00e3o excessiva ao Sol e sem prote\u00e7\u00e3o s\u00e3o diversos os fatores que levam ao aparecimento delas, como inflama\u00e7\u00f5es, vitiligo, micose, sarampo, rub\u00e9ola e alergias.<\/p>\n<div><\/div>\n<p>O profissional dermatologista avalia por meio das cores dessas manchas se \u00e9 est\u00e9tico e inofensivo ou se precisa de mais investiga\u00e7\u00e3o.<\/p>\n<div><\/div>\n<h2><strong>Cuidados gerais com o Sol<\/strong><\/h2>\n<div><\/div>\n<ul>\n<li>Mantenha-se hidratado, beba bastante \u00e1gua diariamente;<\/li>\n<\/ul>\n<div><\/div>\n<ul>\n<li>Em dias com a temperatura mais alta \u00e9 preciso uma hidrata\u00e7\u00e3o redobrada n\u00e3o somente internamente, mas na pele;<\/li>\n<\/ul>\n<div><\/div>\n<ul>\n<li>Utilizar filtro solar no cotidiano corretamente reaplicando de duas em duas horas;<\/li>\n<\/ul>\n<div><\/div>\n<ul>\n<li>Alguns alimentos, como cenoura, ma\u00e7\u00e3, beterraba, mam\u00e3o e ab\u00f3bora auxiliam na preven\u00e7\u00e3o aos danos do Sol;<\/li>\n<\/ul>\n<div><\/div>\n<ul>\n<li>Al\u00e9m do protetor solar, a Vitamina C auxilia a reduzir o impacto do sol sobre a pele;<\/li>\n<\/ul>\n<p>&nbsp;<\/p>\n<ul>\n<li>Utilize acess\u00f3rios que protejam sua cabe\u00e7a;<\/li>\n<\/ul>\n<p>&nbsp;<\/p>\n<ul>\n<li>\u00d3culos de sol.<\/li>\n<\/ul>\n<div><a href=\"https:\/\/dev.labmidia.com.br\/clinica\/#examesconsultas\" target=\"_blank\" rel=\"noopener noreferrer\"><strong>Clique aqui e marque j\u00e1 uma consulta<\/strong><\/a><strong>\u00a0com um de nossos dermatologistas.<\/strong><\/div>\n","protected":false},"excerpt":{"rendered":"<p>Os protetores solares s\u00e3o agentes qu\u00edmicos que dificultam a radia\u00e7\u00e3o de UVA (ultravioleta A) e UVB (ultravioleta B). UVA \u00e9 uma radia\u00e7\u00e3o praticamente constante [&hellip;]<\/p>\n","protected":false},"author":1,"featured_media":4179,"comment_status":"closed","ping_status":"open","sticky":false,"template":"","format":"standard","meta":{"_acf_changed":false,"footnotes":""},"categories":[156,165,158],"tags":[],"class_list":["post-4178","post","type-post","status-publish","format-standard","has-post-thumbnail","hentry","category-blog","category-dermatologia","category-saude"],"acf":[],"yoast_head":"<!-- This site is optimized with the Yoast SEO plugin v28.3 - https:\/\/yoast.com\/product\/yoast-seo-wordpress\/ -->\n<title>Prote\u00e7\u00e3o solar | Cl\u00ednica da Cidade<\/title>\n<meta name=\"description\" content=\"Saiba quais cuidados ter com a pele ao tomar Sol e os perigos de n\u00e3o proteg\u00ea-la.\" \/>\n<meta name=\"robots\" content=\"noindex, follow, max-snippet:-1, max-image-preview:large, max-video-preview:-1\" \/>\n<meta property=\"og:locale\" content=\"pt_BR\" \/>\n<meta property=\"og:type\" content=\"article\" \/>\n<meta property=\"og:title\" content=\"Prote\u00e7\u00e3o solar | Cl\u00ednica da Cidade\" \/>\n<meta property=\"og:description\" content=\"Saiba quais cuidados ter com a pele ao tomar Sol e os perigos de n\u00e3o proteg\u00ea-la.\" \/>\n<meta property=\"og:url\" content=\"https:\/\/dev.labmidia.com.br\/clinica\/blog\/cuidados-com-a-pele-ao-tomar-sol\/\" \/>\n<meta property=\"og:site_name\" content=\"Cl\u00ednica da Cidade\" \/>\n<meta property=\"article:publisher\" content=\"http:\/\/facebook.com\/clinicadacidade\" \/>\n<meta property=\"article:published_time\" content=\"2020-10-20T04:02:58+00:00\" \/>\n<meta property=\"og:image\" content=\"https:\/\/dev.labmidia.com.br\/clinica\/wp-content\/uploads\/2026\/01\/clinica-da-cidade-1200x675-1.png\" \/>\n\t<meta property=\"og:image:width\" content=\"1200\" \/>\n\t<meta property=\"og:image:height\" content=\"675\" \/>\n\t<meta property=\"og:image:type\" content=\"image\/png\" \/>\n<meta name=\"twitter:card\" content=\"summary_large_image\" \/>\n<meta name=\"twitter:label1\" content=\"Escrito por\" \/>\n\t<meta name=\"twitter:data1\" content=\"master.alfredo\" \/>\n\t<meta name=\"twitter:label2\" content=\"Est. tempo de leitura\" \/>\n\t<meta name=\"twitter:data2\" content=\"2 minutos\" \/>\n<script type=\"application\/ld+json\" class=\"yoast-schema-graph\">{\"@context\":\"https:\\\/\\\/schema.org\",\"@graph\":[{\"@type\":\"Article\",\"@id\":\"https:\\\/\\\/dev.labmidia.com.br\\\/clinica\\\/blog\\\/cuidados-com-a-pele-ao-tomar-sol\\\/#article\",\"isPartOf\":{\"@id\":\"https:\\\/\\\/dev.labmidia.com.br\\\/clinica\\\/blog\\\/cuidados-com-a-pele-ao-tomar-sol\\\/\"},\"author\":{\"name\":\"master.alfredo\",\"@id\":\"https:\\\/\\\/dev.labmidia.com.br\\\/clinica\\\/#\\\/schema\\\/person\\\/90484a139cca12de04b84a1bda7d4fc0\"},\"headline\":\"Cuidados com a pele ao tomar sol\",\"datePublished\":\"2020-10-20T04:02:58+00:00\",\"mainEntityOfPage\":{\"@id\":\"https:\\\/\\\/dev.labmidia.com.br\\\/clinica\\\/blog\\\/cuidados-com-a-pele-ao-tomar-sol\\\/\"},\"wordCount\":308,\"publisher\":{\"@id\":\"https:\\\/\\\/dev.labmidia.com.br\\\/clinica\\\/#organization\"},\"image\":{\"@id\":\"https:\\\/\\\/dev.labmidia.com.br\\\/clinica\\\/blog\\\/cuidados-com-a-pele-ao-tomar-sol\\\/#primaryimage\"},\"thumbnailUrl\":\"\",\"articleSection\":[\"Blog\",\"Dermatologia\",\"Sa\u00fade\"],\"inLanguage\":\"pt-BR\"},{\"@type\":\"WebPage\",\"@id\":\"https:\\\/\\\/dev.labmidia.com.br\\\/clinica\\\/blog\\\/cuidados-com-a-pele-ao-tomar-sol\\\/\",\"url\":\"https:\\\/\\\/dev.labmidia.com.br\\\/clinica\\\/blog\\\/cuidados-com-a-pele-ao-tomar-sol\\\/\",\"name\":\"Prote\u00e7\u00e3o solar | Cl\u00ednica da Cidade\",\"isPartOf\":{\"@id\":\"https:\\\/\\\/dev.labmidia.com.br\\\/clinica\\\/#website\"},\"primaryImageOfPage\":{\"@id\":\"https:\\\/\\\/dev.labmidia.com.br\\\/clinica\\\/blog\\\/cuidados-com-a-pele-ao-tomar-sol\\\/#primaryimage\"},\"image\":{\"@id\":\"https:\\\/\\\/dev.labmidia.com.br\\\/clinica\\\/blog\\\/cuidados-com-a-pele-ao-tomar-sol\\\/#primaryimage\"},\"thumbnailUrl\":\"\",\"datePublished\":\"2020-10-20T04:02:58+00:00\",\"description\":\"Saiba quais cuidados ter com a pele ao tomar Sol e os perigos de n\u00e3o proteg\u00ea-la.\",\"breadcrumb\":{\"@id\":\"https:\\\/\\\/dev.labmidia.com.br\\\/clinica\\\/blog\\\/cuidados-com-a-pele-ao-tomar-sol\\\/#breadcrumb\"},\"inLanguage\":\"pt-BR\",\"potentialAction\":[{\"@type\":\"ReadAction\",\"target\":[\"https:\\\/\\\/dev.labmidia.com.br\\\/clinica\\\/blog\\\/cuidados-com-a-pele-ao-tomar-sol\\\/\"]}]},{\"@type\":\"ImageObject\",\"inLanguage\":\"pt-BR\",\"@id\":\"https:\\\/\\\/dev.labmidia.com.br\\\/clinica\\\/blog\\\/cuidados-com-a-pele-ao-tomar-sol\\\/#primaryimage\",\"url\":\"\",\"contentUrl\":\"\",\"name\":\"Imagem da Cl\u00ednica da Cidade\",\"description\":\"Imagem institucional da Cl\u00ednica da Cidade.\",\"caption\":\"Imagem da Cl\u00ednica da Cidade\",\"author\":{\"@type\":\"Organization\",\"name\":\"Cl\u00ednica da Cidade\"}},{\"@type\":\"BreadcrumbList\",\"@id\":\"https:\\\/\\\/dev.labmidia.com.br\\\/clinica\\\/blog\\\/cuidados-com-a-pele-ao-tomar-sol\\\/#breadcrumb\",\"itemListElement\":[{\"@type\":\"ListItem\",\"position\":1,\"name\":\"In\u00edcio\",\"item\":\"https:\\\/\\\/dev.labmidia.com.br\\\/clinica\\\/\"},{\"@type\":\"ListItem\",\"position\":2,\"name\":\"Cuidados com a pele ao tomar sol\"}]},{\"@type\":\"WebSite\",\"@id\":\"https:\\\/\\\/dev.labmidia.com.br\\\/clinica\\\/#website\",\"url\":\"https:\\\/\\\/dev.labmidia.com.br\\\/clinica\\\/\",\"name\":\"Cl\u00ednica da Cidade\",\"description\":\"Cl\u00ednica m\u00e9dica popular com consultas e exames a pre\u00e7os acess\u00edveis.\",\"publisher\":{\"@type\":\"Organization\",\"@id\":\"https:\\\/\\\/dev.labmidia.com.br\\\/clinica\\\/#\\\/schema\\\/organization\\\/1\",\"name\":\"Cl\u00ednica da Cidade\"},\"potentialAction\":[{\"@type\":\"SearchAction\",\"target\":\"https:\\\/\\\/dev.labmidia.com.br\\\/clinica\\\/?s={search_term_string}\",\"query-input\":\"required name=search_term_string\"},{\"@type\":\"ReserveAction\",\"name\":\"Agendar online\",\"target\":{\"@type\":\"EntryPoint\",\"urlTemplate\":\"https:\\\/\\\/dev.labmidia.com.br\\\/clinica\\\/agendamento\\\/\",\"inLanguage\":\"pt-BR\",\"actionPlatform\":[\"http:\\\/\\\/schema.org\\\/DesktopWebPlatform\",\"http:\\\/\\\/schema.org\\\/MobileWebPlatform\"]}}],\"inLanguage\":\"pt-BR\"},{\"@type\":\"Organization\",\"@id\":\"https:\\\/\\\/dev.labmidia.com.br\\\/clinica\\\/#organization\",\"name\":\"Cl\u00ednica da Cidade\",\"url\":\"https:\\\/\\\/dev.labmidia.com.br\\\/clinica\\\/\",\"logo\":{\"@type\":\"ImageObject\",\"url\":\"https:\\\/\\\/dev.labmidia.com.br\\\/clinica\\\/wp-content\\\/themes\\\/clinica\\\/assets\\\/img\\\/logo-clinica.svg\",\"name\":\"Imagem da Cl\u00ednica da Cidade\",\"description\":\"Imagem institucional da Cl\u00ednica da Cidade.\",\"caption\":\"Imagem da Cl\u00ednica da Cidade\",\"author\":{\"@type\":\"Organization\",\"name\":\"Cl\u00ednica da Cidade\"}},\"image\":{\"@type\":\"ImageObject\",\"url\":\"https:\\\/\\\/www.clinicadacidade.com.br\\\/wp-content\\\/uploads\\\/2025\\\/11\\\/Logo_horizontal-scaled.jpg\",\"name\":\"Imagem da Cl\u00ednica da Cidade\",\"description\":\"Imagem institucional da Cl\u00ednica da Cidade.\",\"caption\":\"Imagem da Cl\u00ednica da Cidade\",\"author\":{\"@type\":\"Organization\",\"name\":\"Cl\u00ednica da Cidade\"}},\"sameAs\":[\"https:\\\/\\\/www.instagram.com\\\/clinicadacidade\\\/\",\"https:\\\/\\\/www.facebook.com\\\/clinicadacidade\",\"https:\\\/\\\/www.youtube.com\\\/ClinicadaCidadeOficial\",\"https:\\\/\\\/www.linkedin.com\\\/company\\\/clinicadacidade\\\/\"],\"description\":\"Rede de medicina acess\u00edvel com consultas, exames e check-ups.\",\"contactPoint\":[{\"@type\":\"ContactPoint\",\"contactType\":\"customer support\",\"availableLanguage\":[\"pt-BR\"],\"areaServed\":\"BR\",\"email\":\"contato@clinicadacidade.com.br\"}],\"address\":{\"@type\":\"PostalAddress\",\"streetAddress\":\"Rua Oriente, 91, Segundo andar\",\"addressLocality\":\"Campinas\",\"addressRegion\":\"SP\",\"postalCode\":\"13090-740\",\"addressCountry\":\"BR\"},\"areaServed\":\"BR\",\"knowsAbout\":[\"Consultas m\u00e9dicas\",\"Exames m\u00e9dicos\",\"Check-ups\",\"Medicina acess\u00edvel\"],\"potentialAction\":{\"@type\":\"ReserveAction\",\"name\":\"Agendar consulta, exame ou check-up\",\"target\":{\"@type\":\"EntryPoint\",\"urlTemplate\":\"https:\\\/\\\/dev.labmidia.com.br\\\/clinica\\\/agendamento\\\/\",\"inLanguage\":\"pt-BR\",\"actionPlatform\":[\"http:\\\/\\\/schema.org\\\/DesktopWebPlatform\",\"http:\\\/\\\/schema.org\\\/MobileWebPlatform\"]}}},{\"@type\":\"Person\",\"@id\":\"https:\\\/\\\/dev.labmidia.com.br\\\/clinica\\\/#\\\/schema\\\/person\\\/90484a139cca12de04b84a1bda7d4fc0\",\"name\":\"master.alfredo\",\"image\":{\"@type\":\"ImageObject\",\"inLanguage\":\"pt-BR\",\"@id\":\"https:\\\/\\\/secure.gravatar.com\\\/avatar\\\/e91bae7b56dc37752f8d333f716bc75ce944441b28237565ccb4990a213d775a?s=96&d=mm&r=g\",\"url\":\"https:\\\/\\\/secure.gravatar.com\\\/avatar\\\/e91bae7b56dc37752f8d333f716bc75ce944441b28237565ccb4990a213d775a?s=96&d=mm&r=g\",\"contentUrl\":\"https:\\\/\\\/secure.gravatar.com\\\/avatar\\\/e91bae7b56dc37752f8d333f716bc75ce944441b28237565ccb4990a213d775a?s=96&d=mm&r=g\",\"caption\":\"master.alfredo\",\"name\":\"Imagem da Cl\u00ednica da Cidade\",\"description\":\"Imagem institucional da Cl\u00ednica da Cidade.\",\"author\":{\"@type\":\"Organization\",\"name\":\"Cl\u00ednica da Cidade\"}},\"sameAs\":[\"http:\\\/\\\/localhost:8888\\\/clinica\"]}]}<\/script>\n<!-- \/ Yoast SEO plugin. -->","yoast_head_json":{"title":"Prote\u00e7\u00e3o solar | Cl\u00ednica da Cidade","description":"Saiba quais cuidados ter com a pele ao tomar Sol e os perigos de n\u00e3o proteg\u00ea-la.","robots":{"index":"noindex","follow":"follow","max-snippet":"max-snippet:-1","max-image-preview":"max-image-preview:large","max-video-preview":"max-video-preview:-1"},"og_locale":"pt_BR","og_type":"article","og_title":"Prote\u00e7\u00e3o solar | Cl\u00ednica da Cidade","og_description":"Saiba quais cuidados ter com a pele ao tomar Sol e os perigos de n\u00e3o proteg\u00ea-la.","og_url":"https:\/\/dev.labmidia.com.br\/clinica\/blog\/cuidados-com-a-pele-ao-tomar-sol\/","og_site_name":"Cl\u00ednica da Cidade","article_publisher":"http:\/\/facebook.com\/clinicadacidade","article_published_time":"2020-10-20T04:02:58+00:00","og_image":[{"width":1200,"height":675,"url":"https:\/\/dev.labmidia.com.br\/clinica\/wp-content\/uploads\/2026\/01\/clinica-da-cidade-1200x675-1.png","type":"image\/png"}],"twitter_card":"summary_large_image","twitter_misc":{"Escrito por":"master.alfredo","Est. tempo de leitura":"2 minutos"},"schema":{"@context":"https:\/\/schema.org","@graph":[{"@type":"Article","@id":"https:\/\/dev.labmidia.com.br\/clinica\/blog\/cuidados-com-a-pele-ao-tomar-sol\/#article","isPartOf":{"@id":"https:\/\/dev.labmidia.com.br\/clinica\/blog\/cuidados-com-a-pele-ao-tomar-sol\/"},"author":{"name":"master.alfredo","@id":"https:\/\/dev.labmidia.com.br\/clinica\/#\/schema\/person\/90484a139cca12de04b84a1bda7d4fc0"},"headline":"Cuidados com a pele ao tomar sol","datePublished":"2020-10-20T04:02:58+00:00","mainEntityOfPage":{"@id":"https:\/\/dev.labmidia.com.br\/clinica\/blog\/cuidados-com-a-pele-ao-tomar-sol\/"},"wordCount":308,"publisher":{"@id":"https:\/\/dev.labmidia.com.br\/clinica\/#organization"},"image":{"@id":"https:\/\/dev.labmidia.com.br\/clinica\/blog\/cuidados-com-a-pele-ao-tomar-sol\/#primaryimage"},"thumbnailUrl":"","articleSection":["Blog","Dermatologia","Sa\u00fade"],"inLanguage":"pt-BR"},{"@type":"WebPage","@id":"https:\/\/dev.labmidia.com.br\/clinica\/blog\/cuidados-com-a-pele-ao-tomar-sol\/","url":"https:\/\/dev.labmidia.com.br\/clinica\/blog\/cuidados-com-a-pele-ao-tomar-sol\/","name":"Prote\u00e7\u00e3o solar | Cl\u00ednica da Cidade","isPartOf":{"@id":"https:\/\/dev.labmidia.com.br\/clinica\/#website"},"primaryImageOfPage":{"@id":"https:\/\/dev.labmidia.com.br\/clinica\/blog\/cuidados-com-a-pele-ao-tomar-sol\/#primaryimage"},"image":{"@id":"https:\/\/dev.labmidia.com.br\/clinica\/blog\/cuidados-com-a-pele-ao-tomar-sol\/#primaryimage"},"thumbnailUrl":"","datePublished":"2020-10-20T04:02:58+00:00","description":"Saiba quais cuidados ter com a pele ao tomar Sol e os perigos de n\u00e3o proteg\u00ea-la.","breadcrumb":{"@id":"https:\/\/dev.labmidia.com.br\/clinica\/blog\/cuidados-com-a-pele-ao-tomar-sol\/#breadcrumb"},"inLanguage":"pt-BR","potentialAction":[{"@type":"ReadAction","target":["https:\/\/dev.labmidia.com.br\/clinica\/blog\/cuidados-com-a-pele-ao-tomar-sol\/"]}]},{"@type":"ImageObject","inLanguage":"pt-BR","@id":"https:\/\/dev.labmidia.com.br\/clinica\/blog\/cuidados-com-a-pele-ao-tomar-sol\/#primaryimage","url":"","contentUrl":"","name":"Imagem da Cl\u00ednica da Cidade","description":"Imagem institucional da Cl\u00ednica da Cidade.","caption":"Imagem da Cl\u00ednica da Cidade","author":{"@type":"Organization","name":"Cl\u00ednica da Cidade"}},{"@type":"BreadcrumbList","@id":"https:\/\/dev.labmidia.com.br\/clinica\/blog\/cuidados-com-a-pele-ao-tomar-sol\/#breadcrumb","itemListElement":[{"@type":"ListItem","position":1,"name":"In\u00edcio","item":"https:\/\/dev.labmidia.com.br\/clinica\/"},{"@type":"ListItem","position":2,"name":"Cuidados com a pele ao tomar sol"}]},{"@type":"WebSite","@id":"https:\/\/dev.labmidia.com.br\/clinica\/#website","url":"https:\/\/dev.labmidia.com.br\/clinica\/","name":"Cl\u00ednica da Cidade","description":"Cl\u00ednica m\u00e9dica popular com consultas e exames a pre\u00e7os acess\u00edveis.","publisher":{"@type":"Organization","@id":"https:\/\/dev.labmidia.com.br\/clinica\/#\/schema\/organization\/1","name":"Cl\u00ednica da Cidade"},"potentialAction":[{"@type":"SearchAction","target":"https:\/\/dev.labmidia.com.br\/clinica\/?s={search_term_string}","query-input":"required name=search_term_string"},{"@type":"ReserveAction","name":"Agendar online","target":{"@type":"EntryPoint","urlTemplate":"https:\/\/dev.labmidia.com.br\/clinica\/agendamento\/","inLanguage":"pt-BR","actionPlatform":["http:\/\/schema.org\/DesktopWebPlatform","http:\/\/schema.org\/MobileWebPlatform"]}}],"inLanguage":"pt-BR"},{"@type":"Organization","@id":"https:\/\/dev.labmidia.com.br\/clinica\/#organization","name":"Cl\u00ednica da Cidade","url":"https:\/\/dev.labmidia.com.br\/clinica\/","logo":{"@type":"ImageObject","url":"https:\/\/dev.labmidia.com.br\/clinica\/wp-content\/themes\/clinica\/assets\/img\/logo-clinica.svg","name":"Imagem da Cl\u00ednica da Cidade","description":"Imagem institucional da Cl\u00ednica da Cidade.","caption":"Imagem da Cl\u00ednica da Cidade","author":{"@type":"Organization","name":"Cl\u00ednica da Cidade"}},"image":{"@type":"ImageObject","url":"https:\/\/www.clinicadacidade.com.br\/wp-content\/uploads\/2025\/11\/Logo_horizontal-scaled.jpg","name":"Imagem da Cl\u00ednica da Cidade","description":"Imagem institucional da Cl\u00ednica da Cidade.","caption":"Imagem da Cl\u00ednica da Cidade","author":{"@type":"Organization","name":"Cl\u00ednica da Cidade"}},"sameAs":["https:\/\/www.instagram.com\/clinicadacidade\/","https:\/\/www.facebook.com\/clinicadacidade","https:\/\/www.youtube.com\/ClinicadaCidadeOficial","https:\/\/www.linkedin.com\/company\/clinicadacidade\/"],"description":"Rede de medicina acess\u00edvel com consultas, exames e check-ups.","contactPoint":[{"@type":"ContactPoint","contactType":"customer support","availableLanguage":["pt-BR"],"areaServed":"BR","email":"contato@clinicadacidade.com.br"}],"address":{"@type":"PostalAddress","streetAddress":"Rua Oriente, 91, Segundo andar","addressLocality":"Campinas","addressRegion":"SP","postalCode":"13090-740","addressCountry":"BR"},"areaServed":"BR","knowsAbout":["Consultas m\u00e9dicas","Exames m\u00e9dicos","Check-ups","Medicina acess\u00edvel"],"potentialAction":{"@type":"ReserveAction","name":"Agendar consulta, exame ou check-up","target":{"@type":"EntryPoint","urlTemplate":"https:\/\/dev.labmidia.com.br\/clinica\/agendamento\/","inLanguage":"pt-BR","actionPlatform":["http:\/\/schema.org\/DesktopWebPlatform","http:\/\/schema.org\/MobileWebPlatform"]}}},{"@type":"Person","@id":"https:\/\/dev.labmidia.com.br\/clinica\/#\/schema\/person\/90484a139cca12de04b84a1bda7d4fc0","name":"master.alfredo","image":{"@type":"ImageObject","inLanguage":"pt-BR","@id":"https:\/\/secure.gravatar.com\/avatar\/e91bae7b56dc37752f8d333f716bc75ce944441b28237565ccb4990a213d775a?s=96&d=mm&r=g","url":"https:\/\/secure.gravatar.com\/avatar\/e91bae7b56dc37752f8d333f716bc75ce944441b28237565ccb4990a213d775a?s=96&d=mm&r=g","contentUrl":"https:\/\/secure.gravatar.com\/avatar\/e91bae7b56dc37752f8d333f716bc75ce944441b28237565ccb4990a213d775a?s=96&d=mm&r=g","caption":"master.alfredo","name":"Imagem da Cl\u00ednica da Cidade","description":"Imagem institucional da Cl\u00ednica da Cidade.","author":{"@type":"Organization","name":"Cl\u00ednica da Cidade"}},"sameAs":["http:\/\/localhost:8888\/clinica"]}]}},"_links":{"self":[{"href":"https:\/\/dev.labmidia.com.br\/clinica\/wp-json\/wp\/v2\/posts\/4178","targetHints":{"allow":["GET"]}}],"collection":[{"href":"https:\/\/dev.labmidia.com.br\/clinica\/wp-json\/wp\/v2\/posts"}],"about":[{"href":"https:\/\/dev.labmidia.com.br\/clinica\/wp-json\/wp\/v2\/types\/post"}],"author":[{"embeddable":true,"href":"https:\/\/dev.labmidia.com.br\/clinica\/wp-json\/wp\/v2\/users\/1"}],"replies":[{"embeddable":true,"href":"https:\/\/dev.labmidia.com.br\/clinica\/wp-json\/wp\/v2\/comments?post=4178"}],"version-history":[{"count":0,"href":"https:\/\/dev.labmidia.com.br\/clinica\/wp-json\/wp\/v2\/posts\/4178\/revisions"}],"wp:attachment":[{"href":"https:\/\/dev.labmidia.com.br\/clinica\/wp-json\/wp\/v2\/media?parent=4178"}],"wp:term":[{"taxonomy":"category","embeddable":true,"href":"https:\/\/dev.labmidia.com.br\/clinica\/wp-json\/wp\/v2\/categories?post=4178"},{"taxonomy":"post_tag","embeddable":true,"href":"https:\/\/dev.labmidia.com.br\/clinica\/wp-json\/wp\/v2\/tags?post=4178"}],"curies":[{"name":"wp","href":"https:\/\/api.w.org\/{rel}","templated":true}]}}