{"id":4048,"date":"2020-09-18T11:48:27","date_gmt":"2020-09-18T14:48:27","guid":{"rendered":"https:\/\/dev.clinicadacidade.com.br\/?p=4048"},"modified":"2020-09-18T11:48:27","modified_gmt":"2020-09-18T14:48:27","slug":"quando-procurar-um-dermatologista","status":"publish","type":"post","link":"https:\/\/dev.labmidia.com.br\/clinica\/blog\/quando-procurar-um-dermatologista\/","title":{"rendered":"Quando procurar um dermatologista?"},"content":{"rendered":"<div>\nO profissional dermatologista \u00e9 especialista no diagn\u00f3stico, tratamento e preven\u00e7\u00e3o de doen\u00e7as da pele, mucosas, cabelos, unhas e pelos.<br \/>\n\u00c9 essencial buscar atendimento dermatol\u00f3gico o mais breve poss\u00edvel ao observar sinais e altera\u00e7\u00f5es, como:<\/div>\n<h2><strong><br \/>\nCravos e espinhas<br \/>\n<\/strong><\/h2>\n<div>A acne n\u00e3o \u00e9 apenas um problema que passa sozinho ou ent\u00e3o apenas \u201ccoisa de adolescente\u201d, podendo deixar marcas permanentes, como manchas e cicatrizes.<\/p>\n<\/div>\n<div>Assim, cravos e espinhas em excesso, seja em qualquer fase da vida, s\u00e3o motivos para consultar o dermatologista.<\/p>\n<\/div>\n<h2><strong><br \/>\nCoceira, vermelhid\u00e3o e descama\u00e7\u00e3o<br \/>\n<\/strong><\/h2>\n<div>Essas altera\u00e7\u00f5es na pele podem se originar por diversos fatores, como: uma picada de inseto, dengue e at\u00e9 c\u00e2ncer.<\/p>\n<\/div>\n<div>Manchas vermelhas que co\u00e7am podem indicar alergias ou irrita\u00e7\u00f5es, como dermatites ou eczema.<\/p>\n<\/div>\n<div>Essas les\u00f5es, se n\u00e3o forem tratadas corretamente podem formar feridas e por co\u00e7ar, podem causar infec\u00e7\u00f5es de pele.<\/p>\n<\/div>\n<h2><strong><br \/>\nPele muito seca ou muito oleosa<\/strong><\/h2>\n<div><\/div>\n<div>O dermatologista que indica os melhores produtos, protetor solar, tratamentos e cuidados ideais para o seu tipo de pele.<\/p>\n<\/div>\n<h2><strong>Unhas fracas ou manchadas<br \/>\n<\/strong><\/h2>\n<div>Unhas fr\u00e1geis, quebradi\u00e7as ou que come\u00e7am a descamar podem indicar desde uma irrita\u00e7\u00e3o por contato at\u00e9 uma defici\u00eancia nutricional e doen\u00e7as como micose, anemia, psor\u00edase e problemas na tireoide.<\/p>\n<\/div>\n<div>Assim como altera\u00e7\u00f5es de formato e cor tamb\u00e9m devem ser avaliadas por um dermatologista, uma que podem ser decorrentes de diabetes, doen\u00e7as respirat\u00f3rias e problemas cardiovasculares.<\/p>\n<\/div>\n<h2><strong><br \/>\nQueda de cabelo ou fios quebradi\u00e7os<br \/>\n<\/strong><\/h2>\n<div>A queda de cabelo \u00e9 um sinal normal. Entretanto, tamb\u00e9m pode ser originada por outros fatores, como altera\u00e7\u00e3o hormonal p\u00f3s-parto,\u00a0 problemas na tire\u00f3ide, s\u00edndrome metab\u00f3lica e micose no couro cabeludo.<\/p>\n<\/div>\n<div>Dependendo da avalia\u00e7\u00e3o do dermatologista, o paciente pode ser encaminhado para outro especialista para tratar o que est\u00e1 por tr\u00e1s da perda dos fios.<\/p>\n<\/div>\n<div><img decoding=\"async\" class=\"aligncenter wp-image-4050 size-full lazyload\" data-src=\"https:\/\/dev.labmidia.com.br\/clinica\/wp-content\/uploads\/2020\/09\/Imagem-artigo-dermato_Prancheta-1.png\" alt=\"\" width=\"635\" height=\"300\" src=\"data:image\/svg+xml;base64,PHN2ZyB3aWR0aD0iMSIgaGVpZ2h0PSIxIiB4bWxucz0iaHR0cDovL3d3dy53My5vcmcvMjAwMC9zdmciPjwvc3ZnPg==\" style=\"--smush-placeholder-width: 635px; --smush-placeholder-aspect-ratio: 635\/300;\" \/><\/div>\n<div><\/div>\n<h2><strong>Suor em excesso<\/strong><\/h2>\n<div><\/div>\n<div>Transpirar \u00e9 uma fun\u00e7\u00e3o normal do corpo, mas a sudorese excessiva causa constrangimentos como manchas nas roupas (principalmente nas axilas) e estar com as m\u00e3os molhadas ao cumprimentar outras pessoas.<\/p>\n<\/div>\n<div>Conhecida como hiperidrose, pode surgir em outras partes do corpo n\u00e3o t\u00e3o comuns tamb\u00e9m.<\/p>\n<\/div>\n<h2><strong><br \/>\nMau cheiro nas axilas ou nos p\u00e9s<\/strong><\/h2>\n<div><\/div>\n<div>As bact\u00e9rias da pele que se alimentam do suor produzem subst\u00e2ncias de odor desagrad\u00e1vel, por isso que usamos desodorantes.<\/p>\n<\/div>\n<div>Por\u00e9m, algumas pessoas n\u00e3o conseguem se livrar do mau cheiro mesmo estando com a higiene em dia, apresentando uma bromidrose. Para essa condi\u00e7\u00e3o, a consulta com o dermatologista \u00e9 essencial para encontrar o melhor tratamento.<\/p>\n<\/div>\n<h2><strong><br \/>\nManchas e pintas suspeitas<br \/>\n<\/strong><\/h2>\n<div>A maior parte dos sinais que temos pelo corpo \u00e9 benigna, no entanto somente um dermatologista \u00e9 capaz de descartar o risco de malignidade de um sinal que est\u00e1 apresentando altera\u00e7\u00f5es de cor e tamanho.<\/p>\n<\/div>\n<div>Tamb\u00e9m fique atento a outros sinais, como:<\/p>\n<\/div>\n<ul>\n<li>Les\u00f5es com pus (abcessos, foliculite, fur\u00fanculos e granuloma piog\u00eanico);<\/li>\n<li>Queloide;<\/li>\n<li>Excesso de pelos (hirsutismo);<\/li>\n<li>Descama\u00e7\u00e3o do couro cabeludo (caspa);<\/li>\n<li>Cistos, lipomas e n\u00f3dulos;<\/li>\n<li>Verrugas.<\/li>\n<\/ul>\n<div><a href=\"https:\/\/dev.labmidia.com.br\/clinica\/#examesconsultas\" target=\"_blank\" rel=\"noopener noreferrer\"><strong>Clique aqui para marcar uma consulta<\/strong><\/a><strong>\u00a0<\/strong>com um de nossos dermatologistas!<\/div>\n","protected":false},"excerpt":{"rendered":"<p>O profissional dermatologista \u00e9 especialista no diagn\u00f3stico, tratamento e preven\u00e7\u00e3o de doen\u00e7as da pele, mucosas, cabelos, unhas e pelos. \u00c9 essencial buscar atendimento dermatol\u00f3gico [&hellip;]<\/p>\n","protected":false},"author":1,"featured_media":4049,"comment_status":"closed","ping_status":"open","sticky":false,"template":"","format":"standard","meta":{"_acf_changed":false,"footnotes":""},"categories":[156,165,158],"tags":[],"class_list":["post-4048","post","type-post","status-publish","format-standard","has-post-thumbnail","hentry","category-blog","category-dermatologia","category-saude"],"acf":[],"yoast_head":"<!-- This site is optimized with the Yoast SEO plugin v28.3 - https:\/\/yoast.com\/product\/yoast-seo-wordpress\/ -->\n<title>Quando procurar um dermatologista? | Cl\u00ednica da Cidade<\/title>\n<meta name=\"description\" content=\"Saiba quais os sinais e altera\u00e7\u00f5es que voc\u00ea deve verificar e buscar atendimento de um profissional dermatologista.\" \/>\n<meta name=\"robots\" content=\"noindex, follow, max-snippet:-1, max-image-preview:large, max-video-preview:-1\" \/>\n<meta property=\"og:locale\" content=\"pt_BR\" \/>\n<meta property=\"og:type\" content=\"article\" \/>\n<meta property=\"og:title\" content=\"Quando procurar um dermatologista? | Cl\u00ednica da Cidade\" \/>\n<meta property=\"og:description\" content=\"Saiba quais os sinais e altera\u00e7\u00f5es que voc\u00ea deve verificar e buscar atendimento de um profissional dermatologista.\" \/>\n<meta property=\"og:url\" content=\"https:\/\/dev.labmidia.com.br\/clinica\/blog\/quando-procurar-um-dermatologista\/\" \/>\n<meta property=\"og:site_name\" content=\"Cl\u00ednica da Cidade\" \/>\n<meta property=\"article:publisher\" content=\"http:\/\/facebook.com\/clinicadacidade\" \/>\n<meta property=\"article:published_time\" content=\"2020-09-18T14:48:27+00:00\" \/>\n<meta property=\"og:image\" content=\"https:\/\/dev.labmidia.com.br\/clinica\/wp-content\/uploads\/2020\/09\/Thumb-artigo-dermato_Prancheta-1-1.png\" \/>\n\t<meta property=\"og:image:width\" content=\"208\" \/>\n\t<meta property=\"og:image:height\" content=\"138\" \/>\n\t<meta property=\"og:image:type\" content=\"image\/png\" \/>\n<meta name=\"twitter:card\" content=\"summary_large_image\" \/>\n<meta name=\"twitter:label1\" content=\"Escrito por\" \/>\n\t<meta name=\"twitter:data1\" content=\"master.alfredo\" \/>\n\t<meta name=\"twitter:label2\" content=\"Est. tempo de leitura\" \/>\n\t<meta name=\"twitter:data2\" content=\"3 minutos\" \/>\n<script type=\"application\/ld+json\" class=\"yoast-schema-graph\">{\"@context\":\"https:\\\/\\\/schema.org\",\"@graph\":[{\"@type\":\"Article\",\"@id\":\"https:\\\/\\\/dev.labmidia.com.br\\\/clinica\\\/blog\\\/quando-procurar-um-dermatologista\\\/#article\",\"isPartOf\":{\"@id\":\"https:\\\/\\\/dev.labmidia.com.br\\\/clinica\\\/blog\\\/quando-procurar-um-dermatologista\\\/\"},\"author\":{\"name\":\"master.alfredo\",\"@id\":\"https:\\\/\\\/dev.labmidia.com.br\\\/clinica\\\/#\\\/schema\\\/person\\\/90484a139cca12de04b84a1bda7d4fc0\"},\"headline\":\"Quando procurar um dermatologista?\",\"datePublished\":\"2020-09-18T14:48:27+00:00\",\"mainEntityOfPage\":{\"@id\":\"https:\\\/\\\/dev.labmidia.com.br\\\/clinica\\\/blog\\\/quando-procurar-um-dermatologista\\\/\"},\"wordCount\":520,\"publisher\":{\"@id\":\"https:\\\/\\\/dev.labmidia.com.br\\\/clinica\\\/#organization\"},\"image\":{\"@id\":\"https:\\\/\\\/dev.labmidia.com.br\\\/clinica\\\/blog\\\/quando-procurar-um-dermatologista\\\/#primaryimage\"},\"thumbnailUrl\":\"https:\\\/\\\/dev.labmidia.com.br\\\/clinica\\\/wp-content\\\/uploads\\\/2020\\\/09\\\/Thumb-artigo-dermato_Prancheta-1-1.png\",\"articleSection\":[\"Blog\",\"Dermatologia\",\"Sa\u00fade\"],\"inLanguage\":\"pt-BR\"},{\"@type\":\"WebPage\",\"@id\":\"https:\\\/\\\/dev.labmidia.com.br\\\/clinica\\\/blog\\\/quando-procurar-um-dermatologista\\\/\",\"url\":\"https:\\\/\\\/dev.labmidia.com.br\\\/clinica\\\/blog\\\/quando-procurar-um-dermatologista\\\/\",\"name\":\"Quando procurar um dermatologista? | Cl\u00ednica da Cidade\",\"isPartOf\":{\"@id\":\"https:\\\/\\\/dev.labmidia.com.br\\\/clinica\\\/#website\"},\"primaryImageOfPage\":{\"@id\":\"https:\\\/\\\/dev.labmidia.com.br\\\/clinica\\\/blog\\\/quando-procurar-um-dermatologista\\\/#primaryimage\"},\"image\":{\"@id\":\"https:\\\/\\\/dev.labmidia.com.br\\\/clinica\\\/blog\\\/quando-procurar-um-dermatologista\\\/#primaryimage\"},\"thumbnailUrl\":\"https:\\\/\\\/dev.labmidia.com.br\\\/clinica\\\/wp-content\\\/uploads\\\/2020\\\/09\\\/Thumb-artigo-dermato_Prancheta-1-1.png\",\"datePublished\":\"2020-09-18T14:48:27+00:00\",\"description\":\"Saiba quais os sinais e altera\u00e7\u00f5es que voc\u00ea deve verificar e buscar atendimento de um profissional dermatologista.\",\"breadcrumb\":{\"@id\":\"https:\\\/\\\/dev.labmidia.com.br\\\/clinica\\\/blog\\\/quando-procurar-um-dermatologista\\\/#breadcrumb\"},\"inLanguage\":\"pt-BR\",\"potentialAction\":[{\"@type\":\"ReadAction\",\"target\":[\"https:\\\/\\\/dev.labmidia.com.br\\\/clinica\\\/blog\\\/quando-procurar-um-dermatologista\\\/\"]}]},{\"@type\":\"ImageObject\",\"inLanguage\":\"pt-BR\",\"@id\":\"https:\\\/\\\/dev.labmidia.com.br\\\/clinica\\\/blog\\\/quando-procurar-um-dermatologista\\\/#primaryimage\",\"url\":\"https:\\\/\\\/dev.labmidia.com.br\\\/clinica\\\/wp-content\\\/uploads\\\/2020\\\/09\\\/Thumb-artigo-dermato_Prancheta-1-1.png\",\"contentUrl\":\"https:\\\/\\\/dev.labmidia.com.br\\\/clinica\\\/wp-content\\\/uploads\\\/2020\\\/09\\\/Thumb-artigo-dermato_Prancheta-1-1.png\",\"width\":208,\"height\":138,\"name\":\"Imagem da Cl\u00ednica da Cidade\",\"description\":\"Imagem institucional da Cl\u00ednica da Cidade.\",\"caption\":\"Imagem da Cl\u00ednica da Cidade\",\"author\":{\"@type\":\"Organization\",\"name\":\"Cl\u00ednica da Cidade\"}},{\"@type\":\"BreadcrumbList\",\"@id\":\"https:\\\/\\\/dev.labmidia.com.br\\\/clinica\\\/blog\\\/quando-procurar-um-dermatologista\\\/#breadcrumb\",\"itemListElement\":[{\"@type\":\"ListItem\",\"position\":1,\"name\":\"In\u00edcio\",\"item\":\"https:\\\/\\\/dev.labmidia.com.br\\\/clinica\\\/\"},{\"@type\":\"ListItem\",\"position\":2,\"name\":\"Quando procurar um dermatologista?\"}]},{\"@type\":\"WebSite\",\"@id\":\"https:\\\/\\\/dev.labmidia.com.br\\\/clinica\\\/#website\",\"url\":\"https:\\\/\\\/dev.labmidia.com.br\\\/clinica\\\/\",\"name\":\"Cl\u00ednica da Cidade\",\"description\":\"Cl\u00ednica m\u00e9dica popular com consultas e exames a pre\u00e7os acess\u00edveis.\",\"publisher\":{\"@type\":\"Organization\",\"@id\":\"https:\\\/\\\/dev.labmidia.com.br\\\/clinica\\\/#\\\/schema\\\/organization\\\/1\",\"name\":\"Cl\u00ednica da Cidade\"},\"potentialAction\":[{\"@type\":\"SearchAction\",\"target\":\"https:\\\/\\\/dev.labmidia.com.br\\\/clinica\\\/?s={search_term_string}\",\"query-input\":\"required name=search_term_string\"},{\"@type\":\"ReserveAction\",\"name\":\"Agendar online\",\"target\":{\"@type\":\"EntryPoint\",\"urlTemplate\":\"https:\\\/\\\/dev.labmidia.com.br\\\/clinica\\\/agendamento\\\/\",\"inLanguage\":\"pt-BR\",\"actionPlatform\":[\"http:\\\/\\\/schema.org\\\/DesktopWebPlatform\",\"http:\\\/\\\/schema.org\\\/MobileWebPlatform\"]}}],\"inLanguage\":\"pt-BR\"},{\"@type\":\"Organization\",\"@id\":\"https:\\\/\\\/dev.labmidia.com.br\\\/clinica\\\/#organization\",\"name\":\"Cl\u00ednica da Cidade\",\"url\":\"https:\\\/\\\/dev.labmidia.com.br\\\/clinica\\\/\",\"logo\":{\"@type\":\"ImageObject\",\"url\":\"https:\\\/\\\/dev.labmidia.com.br\\\/clinica\\\/wp-content\\\/themes\\\/clinica\\\/assets\\\/img\\\/logo-clinica.svg\",\"name\":\"Imagem da Cl\u00ednica da Cidade\",\"description\":\"Imagem institucional da Cl\u00ednica da Cidade.\",\"caption\":\"Imagem da Cl\u00ednica da Cidade\",\"author\":{\"@type\":\"Organization\",\"name\":\"Cl\u00ednica da Cidade\"}},\"image\":{\"@type\":\"ImageObject\",\"url\":\"https:\\\/\\\/www.clinicadacidade.com.br\\\/wp-content\\\/uploads\\\/2025\\\/11\\\/Logo_horizontal-scaled.jpg\",\"name\":\"Imagem da Cl\u00ednica da Cidade\",\"description\":\"Imagem institucional da Cl\u00ednica da Cidade.\",\"caption\":\"Imagem da Cl\u00ednica da Cidade\",\"author\":{\"@type\":\"Organization\",\"name\":\"Cl\u00ednica da Cidade\"}},\"sameAs\":[\"https:\\\/\\\/www.instagram.com\\\/clinicadacidade\\\/\",\"https:\\\/\\\/www.facebook.com\\\/clinicadacidade\",\"https:\\\/\\\/www.youtube.com\\\/ClinicadaCidadeOficial\",\"https:\\\/\\\/www.linkedin.com\\\/company\\\/clinicadacidade\\\/\"],\"description\":\"Rede de medicina acess\u00edvel com consultas, exames e check-ups.\",\"contactPoint\":[{\"@type\":\"ContactPoint\",\"contactType\":\"customer support\",\"availableLanguage\":[\"pt-BR\"],\"areaServed\":\"BR\",\"email\":\"contato@clinicadacidade.com.br\"}],\"address\":{\"@type\":\"PostalAddress\",\"streetAddress\":\"Rua Oriente, 91, Segundo andar\",\"addressLocality\":\"Campinas\",\"addressRegion\":\"SP\",\"postalCode\":\"13090-740\",\"addressCountry\":\"BR\"},\"areaServed\":\"BR\",\"knowsAbout\":[\"Consultas m\u00e9dicas\",\"Exames m\u00e9dicos\",\"Check-ups\",\"Medicina acess\u00edvel\"],\"potentialAction\":{\"@type\":\"ReserveAction\",\"name\":\"Agendar consulta, exame ou check-up\",\"target\":{\"@type\":\"EntryPoint\",\"urlTemplate\":\"https:\\\/\\\/dev.labmidia.com.br\\\/clinica\\\/agendamento\\\/\",\"inLanguage\":\"pt-BR\",\"actionPlatform\":[\"http:\\\/\\\/schema.org\\\/DesktopWebPlatform\",\"http:\\\/\\\/schema.org\\\/MobileWebPlatform\"]}}},{\"@type\":\"Person\",\"@id\":\"https:\\\/\\\/dev.labmidia.com.br\\\/clinica\\\/#\\\/schema\\\/person\\\/90484a139cca12de04b84a1bda7d4fc0\",\"name\":\"master.alfredo\",\"image\":{\"@type\":\"ImageObject\",\"inLanguage\":\"pt-BR\",\"@id\":\"https:\\\/\\\/secure.gravatar.com\\\/avatar\\\/e91bae7b56dc37752f8d333f716bc75ce944441b28237565ccb4990a213d775a?s=96&d=mm&r=g\",\"url\":\"https:\\\/\\\/secure.gravatar.com\\\/avatar\\\/e91bae7b56dc37752f8d333f716bc75ce944441b28237565ccb4990a213d775a?s=96&d=mm&r=g\",\"contentUrl\":\"https:\\\/\\\/secure.gravatar.com\\\/avatar\\\/e91bae7b56dc37752f8d333f716bc75ce944441b28237565ccb4990a213d775a?s=96&d=mm&r=g\",\"caption\":\"master.alfredo\",\"name\":\"Imagem da Cl\u00ednica da Cidade\",\"description\":\"Imagem institucional da Cl\u00ednica da Cidade.\",\"author\":{\"@type\":\"Organization\",\"name\":\"Cl\u00ednica da Cidade\"}},\"sameAs\":[\"http:\\\/\\\/localhost:8888\\\/clinica\"]}]}<\/script>\n<!-- \/ Yoast SEO plugin. -->","yoast_head_json":{"title":"Quando procurar um dermatologista? | Cl\u00ednica da Cidade","description":"Saiba quais os sinais e altera\u00e7\u00f5es que voc\u00ea deve verificar e buscar atendimento de um profissional dermatologista.","robots":{"index":"noindex","follow":"follow","max-snippet":"max-snippet:-1","max-image-preview":"max-image-preview:large","max-video-preview":"max-video-preview:-1"},"og_locale":"pt_BR","og_type":"article","og_title":"Quando procurar um dermatologista? | Cl\u00ednica da Cidade","og_description":"Saiba quais os sinais e altera\u00e7\u00f5es que voc\u00ea deve verificar e buscar atendimento de um profissional dermatologista.","og_url":"https:\/\/dev.labmidia.com.br\/clinica\/blog\/quando-procurar-um-dermatologista\/","og_site_name":"Cl\u00ednica da Cidade","article_publisher":"http:\/\/facebook.com\/clinicadacidade","article_published_time":"2020-09-18T14:48:27+00:00","og_image":[{"width":208,"height":138,"url":"https:\/\/dev.labmidia.com.br\/clinica\/wp-content\/uploads\/2020\/09\/Thumb-artigo-dermato_Prancheta-1-1.png","type":"image\/png"}],"twitter_card":"summary_large_image","twitter_misc":{"Escrito por":"master.alfredo","Est. tempo de leitura":"3 minutos"},"schema":{"@context":"https:\/\/schema.org","@graph":[{"@type":"Article","@id":"https:\/\/dev.labmidia.com.br\/clinica\/blog\/quando-procurar-um-dermatologista\/#article","isPartOf":{"@id":"https:\/\/dev.labmidia.com.br\/clinica\/blog\/quando-procurar-um-dermatologista\/"},"author":{"name":"master.alfredo","@id":"https:\/\/dev.labmidia.com.br\/clinica\/#\/schema\/person\/90484a139cca12de04b84a1bda7d4fc0"},"headline":"Quando procurar um dermatologista?","datePublished":"2020-09-18T14:48:27+00:00","mainEntityOfPage":{"@id":"https:\/\/dev.labmidia.com.br\/clinica\/blog\/quando-procurar-um-dermatologista\/"},"wordCount":520,"publisher":{"@id":"https:\/\/dev.labmidia.com.br\/clinica\/#organization"},"image":{"@id":"https:\/\/dev.labmidia.com.br\/clinica\/blog\/quando-procurar-um-dermatologista\/#primaryimage"},"thumbnailUrl":"https:\/\/dev.labmidia.com.br\/clinica\/wp-content\/uploads\/2020\/09\/Thumb-artigo-dermato_Prancheta-1-1.png","articleSection":["Blog","Dermatologia","Sa\u00fade"],"inLanguage":"pt-BR"},{"@type":"WebPage","@id":"https:\/\/dev.labmidia.com.br\/clinica\/blog\/quando-procurar-um-dermatologista\/","url":"https:\/\/dev.labmidia.com.br\/clinica\/blog\/quando-procurar-um-dermatologista\/","name":"Quando procurar um dermatologista? | Cl\u00ednica da Cidade","isPartOf":{"@id":"https:\/\/dev.labmidia.com.br\/clinica\/#website"},"primaryImageOfPage":{"@id":"https:\/\/dev.labmidia.com.br\/clinica\/blog\/quando-procurar-um-dermatologista\/#primaryimage"},"image":{"@id":"https:\/\/dev.labmidia.com.br\/clinica\/blog\/quando-procurar-um-dermatologista\/#primaryimage"},"thumbnailUrl":"https:\/\/dev.labmidia.com.br\/clinica\/wp-content\/uploads\/2020\/09\/Thumb-artigo-dermato_Prancheta-1-1.png","datePublished":"2020-09-18T14:48:27+00:00","description":"Saiba quais os sinais e altera\u00e7\u00f5es que voc\u00ea deve verificar e buscar atendimento de um profissional dermatologista.","breadcrumb":{"@id":"https:\/\/dev.labmidia.com.br\/clinica\/blog\/quando-procurar-um-dermatologista\/#breadcrumb"},"inLanguage":"pt-BR","potentialAction":[{"@type":"ReadAction","target":["https:\/\/dev.labmidia.com.br\/clinica\/blog\/quando-procurar-um-dermatologista\/"]}]},{"@type":"ImageObject","inLanguage":"pt-BR","@id":"https:\/\/dev.labmidia.com.br\/clinica\/blog\/quando-procurar-um-dermatologista\/#primaryimage","url":"https:\/\/dev.labmidia.com.br\/clinica\/wp-content\/uploads\/2020\/09\/Thumb-artigo-dermato_Prancheta-1-1.png","contentUrl":"https:\/\/dev.labmidia.com.br\/clinica\/wp-content\/uploads\/2020\/09\/Thumb-artigo-dermato_Prancheta-1-1.png","width":208,"height":138,"name":"Imagem da Cl\u00ednica da Cidade","description":"Imagem institucional da Cl\u00ednica da Cidade.","caption":"Imagem da Cl\u00ednica da Cidade","author":{"@type":"Organization","name":"Cl\u00ednica da Cidade"}},{"@type":"BreadcrumbList","@id":"https:\/\/dev.labmidia.com.br\/clinica\/blog\/quando-procurar-um-dermatologista\/#breadcrumb","itemListElement":[{"@type":"ListItem","position":1,"name":"In\u00edcio","item":"https:\/\/dev.labmidia.com.br\/clinica\/"},{"@type":"ListItem","position":2,"name":"Quando procurar um dermatologista?"}]},{"@type":"WebSite","@id":"https:\/\/dev.labmidia.com.br\/clinica\/#website","url":"https:\/\/dev.labmidia.com.br\/clinica\/","name":"Cl\u00ednica da Cidade","description":"Cl\u00ednica m\u00e9dica popular com consultas e exames a pre\u00e7os acess\u00edveis.","publisher":{"@type":"Organization","@id":"https:\/\/dev.labmidia.com.br\/clinica\/#\/schema\/organization\/1","name":"Cl\u00ednica da Cidade"},"potentialAction":[{"@type":"SearchAction","target":"https:\/\/dev.labmidia.com.br\/clinica\/?s={search_term_string}","query-input":"required name=search_term_string"},{"@type":"ReserveAction","name":"Agendar online","target":{"@type":"EntryPoint","urlTemplate":"https:\/\/dev.labmidia.com.br\/clinica\/agendamento\/","inLanguage":"pt-BR","actionPlatform":["http:\/\/schema.org\/DesktopWebPlatform","http:\/\/schema.org\/MobileWebPlatform"]}}],"inLanguage":"pt-BR"},{"@type":"Organization","@id":"https:\/\/dev.labmidia.com.br\/clinica\/#organization","name":"Cl\u00ednica da Cidade","url":"https:\/\/dev.labmidia.com.br\/clinica\/","logo":{"@type":"ImageObject","url":"https:\/\/dev.labmidia.com.br\/clinica\/wp-content\/themes\/clinica\/assets\/img\/logo-clinica.svg","name":"Imagem da Cl\u00ednica da Cidade","description":"Imagem institucional da Cl\u00ednica da Cidade.","caption":"Imagem da Cl\u00ednica da Cidade","author":{"@type":"Organization","name":"Cl\u00ednica da Cidade"}},"image":{"@type":"ImageObject","url":"https:\/\/www.clinicadacidade.com.br\/wp-content\/uploads\/2025\/11\/Logo_horizontal-scaled.jpg","name":"Imagem da Cl\u00ednica da Cidade","description":"Imagem institucional da Cl\u00ednica da Cidade.","caption":"Imagem da Cl\u00ednica da Cidade","author":{"@type":"Organization","name":"Cl\u00ednica da Cidade"}},"sameAs":["https:\/\/www.instagram.com\/clinicadacidade\/","https:\/\/www.facebook.com\/clinicadacidade","https:\/\/www.youtube.com\/ClinicadaCidadeOficial","https:\/\/www.linkedin.com\/company\/clinicadacidade\/"],"description":"Rede de medicina acess\u00edvel com consultas, exames e check-ups.","contactPoint":[{"@type":"ContactPoint","contactType":"customer support","availableLanguage":["pt-BR"],"areaServed":"BR","email":"contato@clinicadacidade.com.br"}],"address":{"@type":"PostalAddress","streetAddress":"Rua Oriente, 91, Segundo andar","addressLocality":"Campinas","addressRegion":"SP","postalCode":"13090-740","addressCountry":"BR"},"areaServed":"BR","knowsAbout":["Consultas m\u00e9dicas","Exames m\u00e9dicos","Check-ups","Medicina acess\u00edvel"],"potentialAction":{"@type":"ReserveAction","name":"Agendar consulta, exame ou check-up","target":{"@type":"EntryPoint","urlTemplate":"https:\/\/dev.labmidia.com.br\/clinica\/agendamento\/","inLanguage":"pt-BR","actionPlatform":["http:\/\/schema.org\/DesktopWebPlatform","http:\/\/schema.org\/MobileWebPlatform"]}}},{"@type":"Person","@id":"https:\/\/dev.labmidia.com.br\/clinica\/#\/schema\/person\/90484a139cca12de04b84a1bda7d4fc0","name":"master.alfredo","image":{"@type":"ImageObject","inLanguage":"pt-BR","@id":"https:\/\/secure.gravatar.com\/avatar\/e91bae7b56dc37752f8d333f716bc75ce944441b28237565ccb4990a213d775a?s=96&d=mm&r=g","url":"https:\/\/secure.gravatar.com\/avatar\/e91bae7b56dc37752f8d333f716bc75ce944441b28237565ccb4990a213d775a?s=96&d=mm&r=g","contentUrl":"https:\/\/secure.gravatar.com\/avatar\/e91bae7b56dc37752f8d333f716bc75ce944441b28237565ccb4990a213d775a?s=96&d=mm&r=g","caption":"master.alfredo","name":"Imagem da Cl\u00ednica da Cidade","description":"Imagem institucional da Cl\u00ednica da Cidade.","author":{"@type":"Organization","name":"Cl\u00ednica da Cidade"}},"sameAs":["http:\/\/localhost:8888\/clinica"]}]}},"_links":{"self":[{"href":"https:\/\/dev.labmidia.com.br\/clinica\/wp-json\/wp\/v2\/posts\/4048","targetHints":{"allow":["GET"]}}],"collection":[{"href":"https:\/\/dev.labmidia.com.br\/clinica\/wp-json\/wp\/v2\/posts"}],"about":[{"href":"https:\/\/dev.labmidia.com.br\/clinica\/wp-json\/wp\/v2\/types\/post"}],"author":[{"embeddable":true,"href":"https:\/\/dev.labmidia.com.br\/clinica\/wp-json\/wp\/v2\/users\/1"}],"replies":[{"embeddable":true,"href":"https:\/\/dev.labmidia.com.br\/clinica\/wp-json\/wp\/v2\/comments?post=4048"}],"version-history":[{"count":0,"href":"https:\/\/dev.labmidia.com.br\/clinica\/wp-json\/wp\/v2\/posts\/4048\/revisions"}],"wp:featuredmedia":[{"embeddable":true,"href":"https:\/\/dev.labmidia.com.br\/clinica\/wp-json\/wp\/v2\/media\/4049"}],"wp:attachment":[{"href":"https:\/\/dev.labmidia.com.br\/clinica\/wp-json\/wp\/v2\/media?parent=4048"}],"wp:term":[{"taxonomy":"category","embeddable":true,"href":"https:\/\/dev.labmidia.com.br\/clinica\/wp-json\/wp\/v2\/categories?post=4048"},{"taxonomy":"post_tag","embeddable":true,"href":"https:\/\/dev.labmidia.com.br\/clinica\/wp-json\/wp\/v2\/tags?post=4048"}],"curies":[{"name":"wp","href":"https:\/\/api.w.org\/{rel}","templated":true}]}}