{"id":3783,"date":"2020-07-15T13:00:06","date_gmt":"2020-07-15T16:00:06","guid":{"rendered":"https:\/\/dev.clinicadacidade.com.br\/?p=3783"},"modified":"2020-07-15T13:00:06","modified_gmt":"2020-07-15T16:00:06","slug":"fascite-plantar-saiba-como-tratar","status":"publish","type":"post","link":"https:\/\/dev.labmidia.com.br\/clinica\/blog\/fascite-plantar-saiba-como-tratar\/","title":{"rendered":"Fascite plantar: saiba como tratar"},"content":{"rendered":"<article id=\"recording_2841315367\" class=\"message\" data-recording-id=\"2841315367\" data-creator-id=\"28910966\" data-url=\"\/4356987\/buckets\/14730107\/messages\/2841315367\" data-readable-identifier=\"Z2lkOi8vYmMzL1JlY29yZGluZy8yODQxMzE1MzY3\">\n<section class=\"push--ends\">\n<div class=\"formatted_content\">\n<div>A Fascite Plantar ou Fasce\u00edte Plantar \u00e9 uma inflama\u00e7\u00e3o da f\u00e1scia plantar, que \u00e9 uma estrutura que recobre a planta do p\u00e9, dos dedos ao osso do calcanhar. Seu pico de incid\u00eancia ocorre entre os 40 e 60 anos de idade sendo unilateral, a maioria dos casos.<\/div>\n<div><\/div>\n<h2><strong>Sintomas\u00a0<\/strong><\/h2>\n<div><\/div>\n<ul>\n<li>Dores agudas no calcanhar ou sensa\u00e7\u00e3o de \u201cpontada\u201d<\/li>\n<li>Edema (\u201cincha\u00e7o\u201d) do calcanhar e do tornozelo<\/li>\n<li>Ap\u00f3s um longo per\u00edodo em p\u00e9 ou nas primeiras pisadas ao acordar, pode-se sentir maiores tens\u00f5es<\/li>\n<\/ul>\n<h2><strong>Causas e fatores de risco para o desenvolvimento da doen\u00e7a:<br \/>\n<\/strong><\/h2>\n<ul>\n<li>Obesidade: \u00edndice de massa corporal (IMC) maior que 30;<\/li>\n<li>Pr\u00e1tica de atividade desportiva em carga (correr, saltar,dan\u00e7ar);<\/li>\n<li>Longos per\u00edodos de tempo em p\u00e9<\/li>\n<li>P\u00e9s excessivamente planos ou cavos, sendo os p\u00e9s planos (arco plantar mais baixo) e os cavos (arco plantar mais alto) que alteram a distribui\u00e7\u00e3o da carga sobre a f\u00e1scia plantar;<\/li>\n<li>Idade;<\/li>\n<li>Encurtamento da musculatura intr\u00ednseca do p\u00e9;<\/li>\n<li>Doen\u00e7as inflamat\u00f3rias sist\u00eamicas.<\/li>\n<\/ul>\n<div><\/div>\n<h2><strong>Diagn\u00f3stico<\/strong><\/h2>\n<div><\/div>\n<div>O diagn\u00f3stico de fascite plantar \u00e9 feito pelo\u00a0<a href=\"https:\/\/dev.labmidia.com.br\/clinica\/ortopedia-tudo-o-que-voce-precisa-saber\/\" target=\"_blank\" rel=\"noopener noreferrer\">ortopedista<\/a>\u00a0com base no hist\u00f3rico de sa\u00fade do indiv\u00edduo, necessitando em alguns casos a realiza\u00e7\u00e3o de exames ou meios auxiliares, como:<\/p>\n<\/div>\n<div><strong>Radiografia (RX) do p\u00e9<\/strong>: Pode ser \u00fatil para confirmar o diagn\u00f3stico.<\/div>\n<div><\/div>\n<div><strong>Cintigrafia \u00f3ssea<\/strong>\u00a0&#8211; Auxilia a quantificar a inflama\u00e7\u00e3o. Pode ser realizada para excluir outras patologias, como: fratura de estresse do calc\u00e2neo;<\/div>\n<div><\/div>\n<div><strong>Estudo anal\u00edtico<\/strong>: \u00datil para excluir outras patologias, como: artrite inflamat\u00f3ria, infec\u00e7\u00e3o, etc.<\/div>\n<div><\/div>\n<div><strong>Resson\u00e2ncia magn\u00e9tica (RMN):<\/strong>\u00a0Apesar de raramente ser usada no diagn\u00f3stico, esse exame pode ser importante para excluir outras patologias, como: fratura de estresse do calc\u00e2neo.<\/div>\n<div><\/div>\n<div><strong>Eletromiografia:<\/strong>\u00a0Utilizada para excluir compress\u00f5es nervosas.<\/p>\n<\/div>\n<div>Deve-se tamb\u00e9m levar em considera\u00e7\u00e3o as seguintes patologias:<\/p>\n<\/div>\n<ul>\n<li>Atrofia da gordura calcaneana<\/li>\n<li>Neuropatia de Baxter (compress\u00e3o do primeiro ramo nervo plantar lateral);<\/li>\n<li>Fratura de stress calc\u00e2neo;<\/li>\n<li>S\u00edndrome do t\u00fanel t\u00e1rsico;<\/li>\n<li>Disfun\u00e7\u00e3o tend\u00e3o tibial posterior.<\/li>\n<\/ul>\n<p><img decoding=\"async\" class=\"aligncenter wp-image-3785 size-full lazyload\" data-src=\"https:\/\/dev.labmidia.com.br\/clinica\/wp-content\/uploads\/2020\/07\/Imagem-artigo-Fascite-Plantar_Prancheta-1.png\" alt=\"\" width=\"635\" height=\"300\" src=\"data:image\/svg+xml;base64,PHN2ZyB3aWR0aD0iMSIgaGVpZ2h0PSIxIiB4bWxucz0iaHR0cDovL3d3dy53My5vcmcvMjAwMC9zdmciPjwvc3ZnPg==\" style=\"--smush-placeholder-width: 635px; --smush-placeholder-aspect-ratio: 635\/300;\" \/><\/p>\n<h2><strong>Tratamento<\/strong><\/h2>\n<div><\/div>\n<ul>\n<li>Uso de palmilha ortop\u00e9dica em silicone ou outro material indicado pelo m\u00e9dico ortopedista para a melhor distribui\u00e7\u00e3o de peso do corpo<\/li>\n<li>Repouso<\/li>\n<li>Limita\u00e7\u00e3o da atividade f\u00edsica<\/li>\n<li>Fisioterapia para promover o alongamento<\/li>\n<li>\u201cBota walker\u201d<\/li>\n<li>Uso de medicamentos anti inflamat\u00f3rios<\/li>\n<\/ul>\n<div><\/div>\n<h2><strong>Preven\u00e7\u00e3o<\/strong><\/h2>\n<div><\/div>\n<div>Adotar algumas medidas no dia a dia ajudam a prevenir que a fascite plantar se manifeste, como:<\/div>\n<div><\/div>\n<ul>\n<li>Alongar o corpo antes e depois de realizar atividades f\u00edsicas;<\/li>\n<li>Evite ganho do peso r\u00e1pido: a obesidade representa uma sobrecarga extra para as estruturas do p\u00e9;<\/li>\n<li>Use cal\u00e7ados que possuam o amortecimento necess\u00e1rio para absor\u00e7\u00e3o do impacto e garantam o apoio adequado.<\/li>\n<li>No dia a dia, prefira sapatos com saltos mais baixos, que n\u00e3o estejam largos nem apertados e que n\u00e3o tenham a sola muito fina ou muito gasta.<\/li>\n<\/ul>\n<div><strong>Agora que voc\u00ea j\u00e1 sabe mais sobre a Fascite Plantar, marque j\u00e1 sua\u00a0<\/strong><a href=\"https:\/\/dev.labmidia.com.br\/clinica\/#examesconsultas\" target=\"_blank\" rel=\"noopener noreferrer\"><strong>consulta<\/strong><\/a><strong>\u00a0com um de nossos ortopedistas e lembre-se, v\u00e1 de m\u00e1scara!<\/strong><\/div>\n<\/div>\n<\/section>\n<\/article>\n","protected":false},"excerpt":{"rendered":"<p>A Fascite Plantar ou Fasce\u00edte Plantar \u00e9 uma inflama\u00e7\u00e3o da f\u00e1scia plantar, que \u00e9 uma estrutura que recobre a planta do p\u00e9, dos dedos [&hellip;]<\/p>\n","protected":false},"author":1,"featured_media":3784,"comment_status":"closed","ping_status":"open","sticky":false,"template":"","format":"standard","meta":{"_acf_changed":false,"footnotes":""},"categories":[156,158],"tags":[98,97],"class_list":["post-3783","post","type-post","status-publish","format-standard","has-post-thumbnail","hentry","category-blog","category-saude","tag-fascite-plantar","tag-ortopedia"],"acf":[],"yoast_head":"<!-- This site is optimized with the Yoast SEO plugin v28.3 - https:\/\/yoast.com\/product\/yoast-seo-wordpress\/ -->\n<title>Fascite plantar | Cl\u00ednica da Cidade<\/title>\n<meta name=\"description\" content=\"Saiba o que \u00e9 essa inflama\u00e7\u00e3o, as causas, sintomas e como tratar.\" \/>\n<meta name=\"robots\" content=\"noindex, follow, max-snippet:-1, max-image-preview:large, max-video-preview:-1\" \/>\n<meta property=\"og:locale\" content=\"pt_BR\" \/>\n<meta property=\"og:type\" content=\"article\" \/>\n<meta property=\"og:title\" content=\"Fascite plantar | Cl\u00ednica da Cidade\" \/>\n<meta property=\"og:description\" content=\"Saiba o que \u00e9 essa inflama\u00e7\u00e3o, as causas, sintomas e como tratar.\" \/>\n<meta property=\"og:url\" content=\"https:\/\/dev.labmidia.com.br\/clinica\/blog\/fascite-plantar-saiba-como-tratar\/\" \/>\n<meta property=\"og:site_name\" content=\"Cl\u00ednica da Cidade\" \/>\n<meta property=\"article:publisher\" content=\"http:\/\/facebook.com\/clinicadacidade\" \/>\n<meta property=\"article:published_time\" content=\"2020-07-15T16:00:06+00:00\" \/>\n<meta property=\"og:image\" content=\"https:\/\/dev.labmidia.com.br\/clinica\/wp-content\/uploads\/2020\/07\/Thumb-artigo-Fascite-Plantar_Prancheta-1-1.png\" \/>\n\t<meta property=\"og:image:width\" content=\"208\" \/>\n\t<meta property=\"og:image:height\" content=\"138\" \/>\n\t<meta property=\"og:image:type\" content=\"image\/png\" \/>\n<meta name=\"twitter:card\" content=\"summary_large_image\" \/>\n<meta name=\"twitter:label1\" content=\"Escrito por\" \/>\n\t<meta name=\"twitter:data1\" content=\"master.alfredo\" \/>\n\t<meta name=\"twitter:label2\" content=\"Est. tempo de leitura\" \/>\n\t<meta name=\"twitter:data2\" content=\"2 minutos\" \/>\n<script type=\"application\/ld+json\" class=\"yoast-schema-graph\">{\"@context\":\"https:\\\/\\\/schema.org\",\"@graph\":[{\"@type\":\"Article\",\"@id\":\"https:\\\/\\\/dev.labmidia.com.br\\\/clinica\\\/blog\\\/fascite-plantar-saiba-como-tratar\\\/#article\",\"isPartOf\":{\"@id\":\"https:\\\/\\\/dev.labmidia.com.br\\\/clinica\\\/blog\\\/fascite-plantar-saiba-como-tratar\\\/\"},\"author\":{\"name\":\"master.alfredo\",\"@id\":\"https:\\\/\\\/dev.labmidia.com.br\\\/clinica\\\/#\\\/schema\\\/person\\\/90484a139cca12de04b84a1bda7d4fc0\"},\"headline\":\"Fascite plantar: saiba como tratar\",\"datePublished\":\"2020-07-15T16:00:06+00:00\",\"mainEntityOfPage\":{\"@id\":\"https:\\\/\\\/dev.labmidia.com.br\\\/clinica\\\/blog\\\/fascite-plantar-saiba-como-tratar\\\/\"},\"wordCount\":503,\"publisher\":{\"@id\":\"https:\\\/\\\/dev.labmidia.com.br\\\/clinica\\\/#organization\"},\"image\":{\"@id\":\"https:\\\/\\\/dev.labmidia.com.br\\\/clinica\\\/blog\\\/fascite-plantar-saiba-como-tratar\\\/#primaryimage\"},\"thumbnailUrl\":\"https:\\\/\\\/dev.labmidia.com.br\\\/clinica\\\/wp-content\\\/uploads\\\/2020\\\/07\\\/Thumb-artigo-Fascite-Plantar_Prancheta-1-1.png\",\"keywords\":[\"fascite plantar\",\"ortopedia\"],\"articleSection\":[\"Blog\",\"Sa\u00fade\"],\"inLanguage\":\"pt-BR\"},{\"@type\":\"WebPage\",\"@id\":\"https:\\\/\\\/dev.labmidia.com.br\\\/clinica\\\/blog\\\/fascite-plantar-saiba-como-tratar\\\/\",\"url\":\"https:\\\/\\\/dev.labmidia.com.br\\\/clinica\\\/blog\\\/fascite-plantar-saiba-como-tratar\\\/\",\"name\":\"Fascite plantar | Cl\u00ednica da Cidade\",\"isPartOf\":{\"@id\":\"https:\\\/\\\/dev.labmidia.com.br\\\/clinica\\\/#website\"},\"primaryImageOfPage\":{\"@id\":\"https:\\\/\\\/dev.labmidia.com.br\\\/clinica\\\/blog\\\/fascite-plantar-saiba-como-tratar\\\/#primaryimage\"},\"image\":{\"@id\":\"https:\\\/\\\/dev.labmidia.com.br\\\/clinica\\\/blog\\\/fascite-plantar-saiba-como-tratar\\\/#primaryimage\"},\"thumbnailUrl\":\"https:\\\/\\\/dev.labmidia.com.br\\\/clinica\\\/wp-content\\\/uploads\\\/2020\\\/07\\\/Thumb-artigo-Fascite-Plantar_Prancheta-1-1.png\",\"datePublished\":\"2020-07-15T16:00:06+00:00\",\"description\":\"Saiba o que \u00e9 essa inflama\u00e7\u00e3o, as causas, sintomas e como tratar.\",\"breadcrumb\":{\"@id\":\"https:\\\/\\\/dev.labmidia.com.br\\\/clinica\\\/blog\\\/fascite-plantar-saiba-como-tratar\\\/#breadcrumb\"},\"inLanguage\":\"pt-BR\",\"potentialAction\":[{\"@type\":\"ReadAction\",\"target\":[\"https:\\\/\\\/dev.labmidia.com.br\\\/clinica\\\/blog\\\/fascite-plantar-saiba-como-tratar\\\/\"]}]},{\"@type\":\"ImageObject\",\"inLanguage\":\"pt-BR\",\"@id\":\"https:\\\/\\\/dev.labmidia.com.br\\\/clinica\\\/blog\\\/fascite-plantar-saiba-como-tratar\\\/#primaryimage\",\"url\":\"https:\\\/\\\/dev.labmidia.com.br\\\/clinica\\\/wp-content\\\/uploads\\\/2020\\\/07\\\/Thumb-artigo-Fascite-Plantar_Prancheta-1-1.png\",\"contentUrl\":\"https:\\\/\\\/dev.labmidia.com.br\\\/clinica\\\/wp-content\\\/uploads\\\/2020\\\/07\\\/Thumb-artigo-Fascite-Plantar_Prancheta-1-1.png\",\"width\":208,\"height\":138,\"name\":\"Imagem da Cl\u00ednica da Cidade\",\"description\":\"Imagem institucional da Cl\u00ednica da Cidade.\",\"caption\":\"Imagem da Cl\u00ednica da Cidade\",\"author\":{\"@type\":\"Organization\",\"name\":\"Cl\u00ednica da Cidade\"}},{\"@type\":\"BreadcrumbList\",\"@id\":\"https:\\\/\\\/dev.labmidia.com.br\\\/clinica\\\/blog\\\/fascite-plantar-saiba-como-tratar\\\/#breadcrumb\",\"itemListElement\":[{\"@type\":\"ListItem\",\"position\":1,\"name\":\"In\u00edcio\",\"item\":\"https:\\\/\\\/dev.labmidia.com.br\\\/clinica\\\/\"},{\"@type\":\"ListItem\",\"position\":2,\"name\":\"Fascite plantar: saiba como tratar\"}]},{\"@type\":\"WebSite\",\"@id\":\"https:\\\/\\\/dev.labmidia.com.br\\\/clinica\\\/#website\",\"url\":\"https:\\\/\\\/dev.labmidia.com.br\\\/clinica\\\/\",\"name\":\"Cl\u00ednica da Cidade\",\"description\":\"Cl\u00ednica m\u00e9dica popular com consultas e exames a pre\u00e7os acess\u00edveis.\",\"publisher\":{\"@type\":\"Organization\",\"@id\":\"https:\\\/\\\/dev.labmidia.com.br\\\/clinica\\\/#\\\/schema\\\/organization\\\/1\",\"name\":\"Cl\u00ednica da Cidade\"},\"potentialAction\":[{\"@type\":\"SearchAction\",\"target\":\"https:\\\/\\\/dev.labmidia.com.br\\\/clinica\\\/?s={search_term_string}\",\"query-input\":\"required name=search_term_string\"},{\"@type\":\"ReserveAction\",\"name\":\"Agendar online\",\"target\":{\"@type\":\"EntryPoint\",\"urlTemplate\":\"https:\\\/\\\/dev.labmidia.com.br\\\/clinica\\\/agendamento\\\/\",\"inLanguage\":\"pt-BR\",\"actionPlatform\":[\"http:\\\/\\\/schema.org\\\/DesktopWebPlatform\",\"http:\\\/\\\/schema.org\\\/MobileWebPlatform\"]}}],\"inLanguage\":\"pt-BR\"},{\"@type\":\"Organization\",\"@id\":\"https:\\\/\\\/dev.labmidia.com.br\\\/clinica\\\/#organization\",\"name\":\"Cl\u00ednica da Cidade\",\"url\":\"https:\\\/\\\/dev.labmidia.com.br\\\/clinica\\\/\",\"logo\":{\"@type\":\"ImageObject\",\"url\":\"https:\\\/\\\/dev.labmidia.com.br\\\/clinica\\\/wp-content\\\/themes\\\/clinica\\\/assets\\\/img\\\/logo-clinica.svg\",\"name\":\"Imagem da Cl\u00ednica da Cidade\",\"description\":\"Imagem institucional da Cl\u00ednica da Cidade.\",\"caption\":\"Imagem da Cl\u00ednica da Cidade\",\"author\":{\"@type\":\"Organization\",\"name\":\"Cl\u00ednica da Cidade\"}},\"image\":{\"@type\":\"ImageObject\",\"url\":\"https:\\\/\\\/www.clinicadacidade.com.br\\\/wp-content\\\/uploads\\\/2025\\\/11\\\/Logo_horizontal-scaled.jpg\",\"name\":\"Imagem da Cl\u00ednica da Cidade\",\"description\":\"Imagem institucional da Cl\u00ednica da Cidade.\",\"caption\":\"Imagem da Cl\u00ednica da Cidade\",\"author\":{\"@type\":\"Organization\",\"name\":\"Cl\u00ednica da Cidade\"}},\"sameAs\":[\"https:\\\/\\\/www.instagram.com\\\/clinicadacidade\\\/\",\"https:\\\/\\\/www.facebook.com\\\/clinicadacidade\",\"https:\\\/\\\/www.youtube.com\\\/ClinicadaCidadeOficial\",\"https:\\\/\\\/www.linkedin.com\\\/company\\\/clinicadacidade\\\/\"],\"description\":\"Rede de medicina acess\u00edvel com consultas, exames e check-ups.\",\"contactPoint\":[{\"@type\":\"ContactPoint\",\"contactType\":\"customer support\",\"availableLanguage\":[\"pt-BR\"],\"areaServed\":\"BR\",\"email\":\"contato@clinicadacidade.com.br\"}],\"address\":{\"@type\":\"PostalAddress\",\"streetAddress\":\"Rua Oriente, 91, Segundo andar\",\"addressLocality\":\"Campinas\",\"addressRegion\":\"SP\",\"postalCode\":\"13090-740\",\"addressCountry\":\"BR\"},\"areaServed\":\"BR\",\"knowsAbout\":[\"Consultas m\u00e9dicas\",\"Exames m\u00e9dicos\",\"Check-ups\",\"Medicina acess\u00edvel\"],\"potentialAction\":{\"@type\":\"ReserveAction\",\"name\":\"Agendar consulta, exame ou check-up\",\"target\":{\"@type\":\"EntryPoint\",\"urlTemplate\":\"https:\\\/\\\/dev.labmidia.com.br\\\/clinica\\\/agendamento\\\/\",\"inLanguage\":\"pt-BR\",\"actionPlatform\":[\"http:\\\/\\\/schema.org\\\/DesktopWebPlatform\",\"http:\\\/\\\/schema.org\\\/MobileWebPlatform\"]}}},{\"@type\":\"Person\",\"@id\":\"https:\\\/\\\/dev.labmidia.com.br\\\/clinica\\\/#\\\/schema\\\/person\\\/90484a139cca12de04b84a1bda7d4fc0\",\"name\":\"master.alfredo\",\"image\":{\"@type\":\"ImageObject\",\"inLanguage\":\"pt-BR\",\"@id\":\"https:\\\/\\\/secure.gravatar.com\\\/avatar\\\/e91bae7b56dc37752f8d333f716bc75ce944441b28237565ccb4990a213d775a?s=96&d=mm&r=g\",\"url\":\"https:\\\/\\\/secure.gravatar.com\\\/avatar\\\/e91bae7b56dc37752f8d333f716bc75ce944441b28237565ccb4990a213d775a?s=96&d=mm&r=g\",\"contentUrl\":\"https:\\\/\\\/secure.gravatar.com\\\/avatar\\\/e91bae7b56dc37752f8d333f716bc75ce944441b28237565ccb4990a213d775a?s=96&d=mm&r=g\",\"caption\":\"master.alfredo\",\"name\":\"Imagem da Cl\u00ednica da Cidade\",\"description\":\"Imagem institucional da Cl\u00ednica da Cidade.\",\"author\":{\"@type\":\"Organization\",\"name\":\"Cl\u00ednica da Cidade\"}},\"sameAs\":[\"http:\\\/\\\/localhost:8888\\\/clinica\"]}]}<\/script>\n<!-- \/ Yoast SEO plugin. -->","yoast_head_json":{"title":"Fascite plantar | Cl\u00ednica da Cidade","description":"Saiba o que \u00e9 essa inflama\u00e7\u00e3o, as causas, sintomas e como tratar.","robots":{"index":"noindex","follow":"follow","max-snippet":"max-snippet:-1","max-image-preview":"max-image-preview:large","max-video-preview":"max-video-preview:-1"},"og_locale":"pt_BR","og_type":"article","og_title":"Fascite plantar | Cl\u00ednica da Cidade","og_description":"Saiba o que \u00e9 essa inflama\u00e7\u00e3o, as causas, sintomas e como tratar.","og_url":"https:\/\/dev.labmidia.com.br\/clinica\/blog\/fascite-plantar-saiba-como-tratar\/","og_site_name":"Cl\u00ednica da Cidade","article_publisher":"http:\/\/facebook.com\/clinicadacidade","article_published_time":"2020-07-15T16:00:06+00:00","og_image":[{"width":208,"height":138,"url":"https:\/\/dev.labmidia.com.br\/clinica\/wp-content\/uploads\/2020\/07\/Thumb-artigo-Fascite-Plantar_Prancheta-1-1.png","type":"image\/png"}],"twitter_card":"summary_large_image","twitter_misc":{"Escrito por":"master.alfredo","Est. tempo de leitura":"2 minutos"},"schema":{"@context":"https:\/\/schema.org","@graph":[{"@type":"Article","@id":"https:\/\/dev.labmidia.com.br\/clinica\/blog\/fascite-plantar-saiba-como-tratar\/#article","isPartOf":{"@id":"https:\/\/dev.labmidia.com.br\/clinica\/blog\/fascite-plantar-saiba-como-tratar\/"},"author":{"name":"master.alfredo","@id":"https:\/\/dev.labmidia.com.br\/clinica\/#\/schema\/person\/90484a139cca12de04b84a1bda7d4fc0"},"headline":"Fascite plantar: saiba como tratar","datePublished":"2020-07-15T16:00:06+00:00","mainEntityOfPage":{"@id":"https:\/\/dev.labmidia.com.br\/clinica\/blog\/fascite-plantar-saiba-como-tratar\/"},"wordCount":503,"publisher":{"@id":"https:\/\/dev.labmidia.com.br\/clinica\/#organization"},"image":{"@id":"https:\/\/dev.labmidia.com.br\/clinica\/blog\/fascite-plantar-saiba-como-tratar\/#primaryimage"},"thumbnailUrl":"https:\/\/dev.labmidia.com.br\/clinica\/wp-content\/uploads\/2020\/07\/Thumb-artigo-Fascite-Plantar_Prancheta-1-1.png","keywords":["fascite plantar","ortopedia"],"articleSection":["Blog","Sa\u00fade"],"inLanguage":"pt-BR"},{"@type":"WebPage","@id":"https:\/\/dev.labmidia.com.br\/clinica\/blog\/fascite-plantar-saiba-como-tratar\/","url":"https:\/\/dev.labmidia.com.br\/clinica\/blog\/fascite-plantar-saiba-como-tratar\/","name":"Fascite plantar | Cl\u00ednica da Cidade","isPartOf":{"@id":"https:\/\/dev.labmidia.com.br\/clinica\/#website"},"primaryImageOfPage":{"@id":"https:\/\/dev.labmidia.com.br\/clinica\/blog\/fascite-plantar-saiba-como-tratar\/#primaryimage"},"image":{"@id":"https:\/\/dev.labmidia.com.br\/clinica\/blog\/fascite-plantar-saiba-como-tratar\/#primaryimage"},"thumbnailUrl":"https:\/\/dev.labmidia.com.br\/clinica\/wp-content\/uploads\/2020\/07\/Thumb-artigo-Fascite-Plantar_Prancheta-1-1.png","datePublished":"2020-07-15T16:00:06+00:00","description":"Saiba o que \u00e9 essa inflama\u00e7\u00e3o, as causas, sintomas e como tratar.","breadcrumb":{"@id":"https:\/\/dev.labmidia.com.br\/clinica\/blog\/fascite-plantar-saiba-como-tratar\/#breadcrumb"},"inLanguage":"pt-BR","potentialAction":[{"@type":"ReadAction","target":["https:\/\/dev.labmidia.com.br\/clinica\/blog\/fascite-plantar-saiba-como-tratar\/"]}]},{"@type":"ImageObject","inLanguage":"pt-BR","@id":"https:\/\/dev.labmidia.com.br\/clinica\/blog\/fascite-plantar-saiba-como-tratar\/#primaryimage","url":"https:\/\/dev.labmidia.com.br\/clinica\/wp-content\/uploads\/2020\/07\/Thumb-artigo-Fascite-Plantar_Prancheta-1-1.png","contentUrl":"https:\/\/dev.labmidia.com.br\/clinica\/wp-content\/uploads\/2020\/07\/Thumb-artigo-Fascite-Plantar_Prancheta-1-1.png","width":208,"height":138,"name":"Imagem da Cl\u00ednica da Cidade","description":"Imagem institucional da Cl\u00ednica da Cidade.","caption":"Imagem da Cl\u00ednica da Cidade","author":{"@type":"Organization","name":"Cl\u00ednica da Cidade"}},{"@type":"BreadcrumbList","@id":"https:\/\/dev.labmidia.com.br\/clinica\/blog\/fascite-plantar-saiba-como-tratar\/#breadcrumb","itemListElement":[{"@type":"ListItem","position":1,"name":"In\u00edcio","item":"https:\/\/dev.labmidia.com.br\/clinica\/"},{"@type":"ListItem","position":2,"name":"Fascite plantar: saiba como tratar"}]},{"@type":"WebSite","@id":"https:\/\/dev.labmidia.com.br\/clinica\/#website","url":"https:\/\/dev.labmidia.com.br\/clinica\/","name":"Cl\u00ednica da Cidade","description":"Cl\u00ednica m\u00e9dica popular com consultas e exames a pre\u00e7os acess\u00edveis.","publisher":{"@type":"Organization","@id":"https:\/\/dev.labmidia.com.br\/clinica\/#\/schema\/organization\/1","name":"Cl\u00ednica da Cidade"},"potentialAction":[{"@type":"SearchAction","target":"https:\/\/dev.labmidia.com.br\/clinica\/?s={search_term_string}","query-input":"required name=search_term_string"},{"@type":"ReserveAction","name":"Agendar online","target":{"@type":"EntryPoint","urlTemplate":"https:\/\/dev.labmidia.com.br\/clinica\/agendamento\/","inLanguage":"pt-BR","actionPlatform":["http:\/\/schema.org\/DesktopWebPlatform","http:\/\/schema.org\/MobileWebPlatform"]}}],"inLanguage":"pt-BR"},{"@type":"Organization","@id":"https:\/\/dev.labmidia.com.br\/clinica\/#organization","name":"Cl\u00ednica da Cidade","url":"https:\/\/dev.labmidia.com.br\/clinica\/","logo":{"@type":"ImageObject","url":"https:\/\/dev.labmidia.com.br\/clinica\/wp-content\/themes\/clinica\/assets\/img\/logo-clinica.svg","name":"Imagem da Cl\u00ednica da Cidade","description":"Imagem institucional da Cl\u00ednica da Cidade.","caption":"Imagem da Cl\u00ednica da Cidade","author":{"@type":"Organization","name":"Cl\u00ednica da Cidade"}},"image":{"@type":"ImageObject","url":"https:\/\/www.clinicadacidade.com.br\/wp-content\/uploads\/2025\/11\/Logo_horizontal-scaled.jpg","name":"Imagem da Cl\u00ednica da Cidade","description":"Imagem institucional da Cl\u00ednica da Cidade.","caption":"Imagem da Cl\u00ednica da Cidade","author":{"@type":"Organization","name":"Cl\u00ednica da Cidade"}},"sameAs":["https:\/\/www.instagram.com\/clinicadacidade\/","https:\/\/www.facebook.com\/clinicadacidade","https:\/\/www.youtube.com\/ClinicadaCidadeOficial","https:\/\/www.linkedin.com\/company\/clinicadacidade\/"],"description":"Rede de medicina acess\u00edvel com consultas, exames e check-ups.","contactPoint":[{"@type":"ContactPoint","contactType":"customer support","availableLanguage":["pt-BR"],"areaServed":"BR","email":"contato@clinicadacidade.com.br"}],"address":{"@type":"PostalAddress","streetAddress":"Rua Oriente, 91, Segundo andar","addressLocality":"Campinas","addressRegion":"SP","postalCode":"13090-740","addressCountry":"BR"},"areaServed":"BR","knowsAbout":["Consultas m\u00e9dicas","Exames m\u00e9dicos","Check-ups","Medicina acess\u00edvel"],"potentialAction":{"@type":"ReserveAction","name":"Agendar consulta, exame ou check-up","target":{"@type":"EntryPoint","urlTemplate":"https:\/\/dev.labmidia.com.br\/clinica\/agendamento\/","inLanguage":"pt-BR","actionPlatform":["http:\/\/schema.org\/DesktopWebPlatform","http:\/\/schema.org\/MobileWebPlatform"]}}},{"@type":"Person","@id":"https:\/\/dev.labmidia.com.br\/clinica\/#\/schema\/person\/90484a139cca12de04b84a1bda7d4fc0","name":"master.alfredo","image":{"@type":"ImageObject","inLanguage":"pt-BR","@id":"https:\/\/secure.gravatar.com\/avatar\/e91bae7b56dc37752f8d333f716bc75ce944441b28237565ccb4990a213d775a?s=96&d=mm&r=g","url":"https:\/\/secure.gravatar.com\/avatar\/e91bae7b56dc37752f8d333f716bc75ce944441b28237565ccb4990a213d775a?s=96&d=mm&r=g","contentUrl":"https:\/\/secure.gravatar.com\/avatar\/e91bae7b56dc37752f8d333f716bc75ce944441b28237565ccb4990a213d775a?s=96&d=mm&r=g","caption":"master.alfredo","name":"Imagem da Cl\u00ednica da Cidade","description":"Imagem institucional da Cl\u00ednica da Cidade.","author":{"@type":"Organization","name":"Cl\u00ednica da Cidade"}},"sameAs":["http:\/\/localhost:8888\/clinica"]}]}},"_links":{"self":[{"href":"https:\/\/dev.labmidia.com.br\/clinica\/wp-json\/wp\/v2\/posts\/3783","targetHints":{"allow":["GET"]}}],"collection":[{"href":"https:\/\/dev.labmidia.com.br\/clinica\/wp-json\/wp\/v2\/posts"}],"about":[{"href":"https:\/\/dev.labmidia.com.br\/clinica\/wp-json\/wp\/v2\/types\/post"}],"author":[{"embeddable":true,"href":"https:\/\/dev.labmidia.com.br\/clinica\/wp-json\/wp\/v2\/users\/1"}],"replies":[{"embeddable":true,"href":"https:\/\/dev.labmidia.com.br\/clinica\/wp-json\/wp\/v2\/comments?post=3783"}],"version-history":[{"count":0,"href":"https:\/\/dev.labmidia.com.br\/clinica\/wp-json\/wp\/v2\/posts\/3783\/revisions"}],"wp:featuredmedia":[{"embeddable":true,"href":"https:\/\/dev.labmidia.com.br\/clinica\/wp-json\/wp\/v2\/media\/3784"}],"wp:attachment":[{"href":"https:\/\/dev.labmidia.com.br\/clinica\/wp-json\/wp\/v2\/media?parent=3783"}],"wp:term":[{"taxonomy":"category","embeddable":true,"href":"https:\/\/dev.labmidia.com.br\/clinica\/wp-json\/wp\/v2\/categories?post=3783"},{"taxonomy":"post_tag","embeddable":true,"href":"https:\/\/dev.labmidia.com.br\/clinica\/wp-json\/wp\/v2\/tags?post=3783"}],"curies":[{"name":"wp","href":"https:\/\/api.w.org\/{rel}","templated":true}]}}