{"id":3537,"date":"2020-04-15T17:22:43","date_gmt":"2020-04-15T20:22:43","guid":{"rendered":"https:\/\/dev.clinicadacidade.com.br\/?p=3537"},"modified":"2020-04-15T17:22:43","modified_gmt":"2020-04-15T20:22:43","slug":"quando-procurar-um-gastroenterologista-2","status":"publish","type":"post","link":"https:\/\/dev.labmidia.com.br\/clinica\/blog\/quando-procurar-um-gastroenterologista-2\/","title":{"rendered":"Quando procurar um gastroenterologista?"},"content":{"rendered":"<p><em>Pegar aquele remedinho para a azia na farm\u00e1cia pode apenas amenizar problemas mais s\u00e9rios.<\/em><\/p>\n<p>O m\u00e9dico gastroenterologista \u00e9 respons\u00e1vel por cuidar de todo o sistema digestivo: boca, es\u00f4fago, est\u00f4mago, intestinos, p\u00e2ncreas e f\u00edgado.<\/p>\n<p>Saber quais s\u00e3o os sinais de que \u00e9 hora de agendar uma consulta com esse especialista \u00e9 muito importante para manter a sua sa\u00fade em dia, afinal, o mau funcionamento do aparelho digestivo afeta toda a qualidade de vida.<\/p>\n<p><strong>Confira alguns desses sinais:<\/strong><\/p>\n<ul>\n<li>Azia<\/li>\n<li>Diarreia<\/li>\n<li>Dor abdominal<\/li>\n<li>Enjoo<\/li>\n<li>Gases<\/li>\n<li>Incha\u00e7o abdominal<\/li>\n<li>Pris\u00e3o de ventre<\/li>\n<li>Refluxo<\/li>\n<li>V\u00f4mitos<\/li>\n<\/ul>\n<p>Esses sintomas geralmente apontam para uma s\u00e9rie de doen\u00e7as que somente o gastroenterologista vai saber identificar de maneira mais assertiva.<\/p>\n<p>&nbsp;<\/p>\n<h3><strong>Algumas das principais patologias do aparelho digestivo<\/strong><\/h3>\n<p><strong>Doen\u00e7a do refluxo gastroesof\u00e1gico<\/strong><\/p>\n<p>\u00c9 uma doen\u00e7a que apresenta um quadro de muita dor. Causado pelo mau funcionamento do esf\u00edncter, uma esp\u00e9cie de v\u00e1lvula, que conecta o es\u00f4fago ao est\u00f4mago, esse problema faz com que o conte\u00fado que deveria ficar dentro do est\u00f4mago acabe retornando para o es\u00f4fago e, como este n\u00e3o \u00e9 preparado para a acidez elevada do l\u00edquido estomacal, acaba sendo lesionado e gerando os sintomas.<\/p>\n<p><strong>\u00a0<\/strong><strong>Gastrite<\/strong><\/p>\n<p>Uma grave irrita\u00e7\u00e3o na parede interna do est\u00f4mago, a gastrite \u00e9 o resultado do aumento dos \u00e1cidos g\u00e1stricos que acabam corroendo a camada protetora das paredes internas do est\u00f4mago. Os sintomas de dor e queima\u00e7\u00e3o n\u00e3o devem ser ignorados e nem automedicados, como na maioria das vezes acontece. Essas atitudes podem agravar o caso e mascarar problemas mais s\u00e9rios.<\/p>\n<p><strong>Intoler\u00e2ncia \u00e0 lactose<\/strong><\/p>\n<p>Quando o corpo deixa de produzir a encima respons\u00e1vel pela quebra do a\u00e7\u00facar presente no leite e nos derivados, a lactase, esses a\u00e7\u00facares acabam chegando intactos no intestino, onde acabam sendo fermentados por bact\u00e9rias e se transformam em \u00e1cido l\u00e1tico, causando o desconforto dos gases, c\u00f3licas abdominais, incha\u00e7o e diarreia.<\/p>\n<p><strong>Pancreatite<\/strong><\/p>\n<p>Essa \u00e9 uma inflama\u00e7\u00e3o que atinge o p\u00e2ncreas, \u00f3rg\u00e3o respons\u00e1vel pela produ\u00e7\u00e3o da insulina e do glucagon. A doen\u00e7a surge de maneira bem repentina e pode durar dias ou anos.<\/p>\n<p>Entre as suas causas principais est\u00e3o a ocorr\u00eancia de pedras na ves\u00edcula e o uso cr\u00f4nico do \u00e1lcool. O principal sintoma s\u00e3o as fortes dores na barriga.<\/p>\n<p><strong>S\u00edndrome do intestino irrit\u00e1vel<\/strong><\/p>\n<p>Inflama\u00e7\u00e3o que causa um grande desconforto na regi\u00e3o abdominal e diarreia. Suas causas ainda n\u00e3o est\u00e3o bem definidas, mas a alimenta\u00e7\u00e3o, os h\u00e1bitos da rotina e o stress s\u00e3o os fatores que contribuem para o surgimento.<\/p>\n<p>&nbsp;<\/p>\n<p><strong><u>Lembre-se<\/u>:<\/strong> qualquer sinal de desconforto no sistema digestivo, <a href=\"https:\/\/dev.labmidia.com.br\/clinica\/consultas\/gastroenterologia\/\">agende online<\/a> ou por telefone imediatamente uma consulta com um de nossos profissionais na unidade mais pr\u00f3xima de voc\u00ea.<\/p>\n","protected":false},"excerpt":{"rendered":"<p>Pegar aquele remedinho para a azia na farm\u00e1cia pode apenas amenizar problemas mais s\u00e9rios. O m\u00e9dico gastroenterologista \u00e9 respons\u00e1vel por cuidar de todo o [&hellip;]<\/p>\n","protected":false},"author":1,"featured_media":3539,"comment_status":"closed","ping_status":"open","sticky":false,"template":"","format":"standard","meta":{"_acf_changed":false,"footnotes":""},"categories":[156,158],"tags":[],"class_list":["post-3537","post","type-post","status-publish","format-standard","has-post-thumbnail","hentry","category-blog","category-saude"],"acf":[],"yoast_head":"<!-- This site is optimized with the Yoast SEO plugin v28.3 - https:\/\/yoast.com\/product\/yoast-seo-wordpress\/ -->\n<title>Quando procurar um gastroenterologista? | Cl\u00ednica da Cidade<\/title>\n<meta name=\"description\" content=\"O m\u00e9dico gastroenterologista \u00e9 respons\u00e1vel por cuidar de todo o sistema digestivo: boca, es\u00f4fago, est\u00f4mago, intestinos, p\u00e2ncreas e f\u00edgado.\" \/>\n<meta name=\"robots\" content=\"noindex, follow, max-snippet:-1, max-image-preview:large, max-video-preview:-1\" \/>\n<meta property=\"og:locale\" content=\"pt_BR\" \/>\n<meta property=\"og:type\" content=\"article\" \/>\n<meta property=\"og:title\" content=\"Quando procurar um gastroenterologista? | Cl\u00ednica da Cidade\" \/>\n<meta property=\"og:description\" content=\"O m\u00e9dico gastroenterologista \u00e9 respons\u00e1vel por cuidar de todo o sistema digestivo: boca, es\u00f4fago, est\u00f4mago, intestinos, p\u00e2ncreas e f\u00edgado.\" \/>\n<meta property=\"og:url\" content=\"https:\/\/dev.labmidia.com.br\/clinica\/blog\/quando-procurar-um-gastroenterologista-2\/\" \/>\n<meta property=\"og:site_name\" content=\"Cl\u00ednica da Cidade\" \/>\n<meta property=\"article:publisher\" content=\"http:\/\/facebook.com\/clinicadacidade\" \/>\n<meta property=\"article:published_time\" content=\"2020-04-15T20:22:43+00:00\" \/>\n<meta property=\"og:image\" content=\"https:\/\/dev.labmidia.com.br\/clinica\/wp-content\/uploads\/2020\/04\/news-gastro-scaled-1-1.jpg\" \/>\n\t<meta property=\"og:image:width\" content=\"2560\" \/>\n\t<meta property=\"og:image:height\" content=\"1742\" \/>\n\t<meta property=\"og:image:type\" content=\"image\/jpeg\" \/>\n<meta name=\"twitter:card\" content=\"summary_large_image\" \/>\n<meta name=\"twitter:label1\" content=\"Escrito por\" \/>\n\t<meta name=\"twitter:data1\" content=\"master.alfredo\" \/>\n\t<meta name=\"twitter:label2\" content=\"Est. tempo de leitura\" \/>\n\t<meta name=\"twitter:data2\" content=\"2 minutos\" \/>\n<script type=\"application\/ld+json\" class=\"yoast-schema-graph\">{\"@context\":\"https:\\\/\\\/schema.org\",\"@graph\":[{\"@type\":\"Article\",\"@id\":\"https:\\\/\\\/dev.labmidia.com.br\\\/clinica\\\/blog\\\/quando-procurar-um-gastroenterologista-2\\\/#article\",\"isPartOf\":{\"@id\":\"https:\\\/\\\/dev.labmidia.com.br\\\/clinica\\\/blog\\\/quando-procurar-um-gastroenterologista-2\\\/\"},\"author\":{\"name\":\"master.alfredo\",\"@id\":\"https:\\\/\\\/dev.labmidia.com.br\\\/clinica\\\/#\\\/schema\\\/person\\\/90484a139cca12de04b84a1bda7d4fc0\"},\"headline\":\"Quando procurar um gastroenterologista?\",\"datePublished\":\"2020-04-15T20:22:43+00:00\",\"mainEntityOfPage\":{\"@id\":\"https:\\\/\\\/dev.labmidia.com.br\\\/clinica\\\/blog\\\/quando-procurar-um-gastroenterologista-2\\\/\"},\"wordCount\":484,\"publisher\":{\"@id\":\"https:\\\/\\\/dev.labmidia.com.br\\\/clinica\\\/#organization\"},\"image\":{\"@id\":\"https:\\\/\\\/dev.labmidia.com.br\\\/clinica\\\/blog\\\/quando-procurar-um-gastroenterologista-2\\\/#primaryimage\"},\"thumbnailUrl\":\"https:\\\/\\\/dev.labmidia.com.br\\\/clinica\\\/wp-content\\\/uploads\\\/2020\\\/04\\\/news-gastro-scaled-1-1.jpg\",\"articleSection\":[\"Blog\",\"Sa\u00fade\"],\"inLanguage\":\"pt-BR\"},{\"@type\":\"WebPage\",\"@id\":\"https:\\\/\\\/dev.labmidia.com.br\\\/clinica\\\/blog\\\/quando-procurar-um-gastroenterologista-2\\\/\",\"url\":\"https:\\\/\\\/dev.labmidia.com.br\\\/clinica\\\/blog\\\/quando-procurar-um-gastroenterologista-2\\\/\",\"name\":\"Quando procurar um gastroenterologista? | Cl\u00ednica da Cidade\",\"isPartOf\":{\"@id\":\"https:\\\/\\\/dev.labmidia.com.br\\\/clinica\\\/#website\"},\"primaryImageOfPage\":{\"@id\":\"https:\\\/\\\/dev.labmidia.com.br\\\/clinica\\\/blog\\\/quando-procurar-um-gastroenterologista-2\\\/#primaryimage\"},\"image\":{\"@id\":\"https:\\\/\\\/dev.labmidia.com.br\\\/clinica\\\/blog\\\/quando-procurar-um-gastroenterologista-2\\\/#primaryimage\"},\"thumbnailUrl\":\"https:\\\/\\\/dev.labmidia.com.br\\\/clinica\\\/wp-content\\\/uploads\\\/2020\\\/04\\\/news-gastro-scaled-1-1.jpg\",\"datePublished\":\"2020-04-15T20:22:43+00:00\",\"description\":\"O m\u00e9dico gastroenterologista \u00e9 respons\u00e1vel por cuidar de todo o sistema digestivo: boca, es\u00f4fago, est\u00f4mago, intestinos, p\u00e2ncreas e f\u00edgado.\",\"breadcrumb\":{\"@id\":\"https:\\\/\\\/dev.labmidia.com.br\\\/clinica\\\/blog\\\/quando-procurar-um-gastroenterologista-2\\\/#breadcrumb\"},\"inLanguage\":\"pt-BR\",\"potentialAction\":[{\"@type\":\"ReadAction\",\"target\":[\"https:\\\/\\\/dev.labmidia.com.br\\\/clinica\\\/blog\\\/quando-procurar-um-gastroenterologista-2\\\/\"]}]},{\"@type\":\"ImageObject\",\"inLanguage\":\"pt-BR\",\"@id\":\"https:\\\/\\\/dev.labmidia.com.br\\\/clinica\\\/blog\\\/quando-procurar-um-gastroenterologista-2\\\/#primaryimage\",\"url\":\"https:\\\/\\\/dev.labmidia.com.br\\\/clinica\\\/wp-content\\\/uploads\\\/2020\\\/04\\\/news-gastro-scaled-1-1.jpg\",\"contentUrl\":\"https:\\\/\\\/dev.labmidia.com.br\\\/clinica\\\/wp-content\\\/uploads\\\/2020\\\/04\\\/news-gastro-scaled-1-1.jpg\",\"width\":2560,\"height\":1742,\"name\":\"Imagem da Cl\u00ednica da Cidade\",\"description\":\"Imagem institucional da Cl\u00ednica da Cidade.\",\"caption\":\"Imagem da Cl\u00ednica da Cidade\",\"author\":{\"@type\":\"Organization\",\"name\":\"Cl\u00ednica da Cidade\"}},{\"@type\":\"BreadcrumbList\",\"@id\":\"https:\\\/\\\/dev.labmidia.com.br\\\/clinica\\\/blog\\\/quando-procurar-um-gastroenterologista-2\\\/#breadcrumb\",\"itemListElement\":[{\"@type\":\"ListItem\",\"position\":1,\"name\":\"In\u00edcio\",\"item\":\"https:\\\/\\\/dev.labmidia.com.br\\\/clinica\\\/\"},{\"@type\":\"ListItem\",\"position\":2,\"name\":\"Quando procurar um gastroenterologista?\"}]},{\"@type\":\"WebSite\",\"@id\":\"https:\\\/\\\/dev.labmidia.com.br\\\/clinica\\\/#website\",\"url\":\"https:\\\/\\\/dev.labmidia.com.br\\\/clinica\\\/\",\"name\":\"Cl\u00ednica da Cidade\",\"description\":\"Cl\u00ednica m\u00e9dica popular com consultas e exames a pre\u00e7os acess\u00edveis.\",\"publisher\":{\"@type\":\"Organization\",\"@id\":\"https:\\\/\\\/dev.labmidia.com.br\\\/clinica\\\/#\\\/schema\\\/organization\\\/1\",\"name\":\"Cl\u00ednica da Cidade\"},\"potentialAction\":[{\"@type\":\"SearchAction\",\"target\":\"https:\\\/\\\/dev.labmidia.com.br\\\/clinica\\\/?s={search_term_string}\",\"query-input\":\"required name=search_term_string\"},{\"@type\":\"ReserveAction\",\"name\":\"Agendar online\",\"target\":{\"@type\":\"EntryPoint\",\"urlTemplate\":\"https:\\\/\\\/dev.labmidia.com.br\\\/clinica\\\/agendamento\\\/\",\"inLanguage\":\"pt-BR\",\"actionPlatform\":[\"http:\\\/\\\/schema.org\\\/DesktopWebPlatform\",\"http:\\\/\\\/schema.org\\\/MobileWebPlatform\"]}}],\"inLanguage\":\"pt-BR\"},{\"@type\":\"Organization\",\"@id\":\"https:\\\/\\\/dev.labmidia.com.br\\\/clinica\\\/#organization\",\"name\":\"Cl\u00ednica da Cidade\",\"url\":\"https:\\\/\\\/dev.labmidia.com.br\\\/clinica\\\/\",\"logo\":{\"@type\":\"ImageObject\",\"url\":\"https:\\\/\\\/dev.labmidia.com.br\\\/clinica\\\/wp-content\\\/themes\\\/clinica\\\/assets\\\/img\\\/logo-clinica.svg\",\"name\":\"Imagem da Cl\u00ednica da Cidade\",\"description\":\"Imagem institucional da Cl\u00ednica da Cidade.\",\"caption\":\"Imagem da Cl\u00ednica da Cidade\",\"author\":{\"@type\":\"Organization\",\"name\":\"Cl\u00ednica da Cidade\"}},\"image\":{\"@type\":\"ImageObject\",\"url\":\"https:\\\/\\\/www.clinicadacidade.com.br\\\/wp-content\\\/uploads\\\/2025\\\/11\\\/Logo_horizontal-scaled.jpg\",\"name\":\"Imagem da Cl\u00ednica da Cidade\",\"description\":\"Imagem institucional da Cl\u00ednica da Cidade.\",\"caption\":\"Imagem da Cl\u00ednica da Cidade\",\"author\":{\"@type\":\"Organization\",\"name\":\"Cl\u00ednica da Cidade\"}},\"sameAs\":[\"https:\\\/\\\/www.instagram.com\\\/clinicadacidade\\\/\",\"https:\\\/\\\/www.facebook.com\\\/clinicadacidade\",\"https:\\\/\\\/www.youtube.com\\\/ClinicadaCidadeOficial\",\"https:\\\/\\\/www.linkedin.com\\\/company\\\/clinicadacidade\\\/\"],\"description\":\"Rede de medicina acess\u00edvel com consultas, exames e check-ups.\",\"contactPoint\":[{\"@type\":\"ContactPoint\",\"contactType\":\"customer support\",\"availableLanguage\":[\"pt-BR\"],\"areaServed\":\"BR\",\"email\":\"contato@clinicadacidade.com.br\"}],\"address\":{\"@type\":\"PostalAddress\",\"streetAddress\":\"Rua Oriente, 91, Segundo andar\",\"addressLocality\":\"Campinas\",\"addressRegion\":\"SP\",\"postalCode\":\"13090-740\",\"addressCountry\":\"BR\"},\"areaServed\":\"BR\",\"knowsAbout\":[\"Consultas m\u00e9dicas\",\"Exames m\u00e9dicos\",\"Check-ups\",\"Medicina acess\u00edvel\"],\"potentialAction\":{\"@type\":\"ReserveAction\",\"name\":\"Agendar consulta, exame ou check-up\",\"target\":{\"@type\":\"EntryPoint\",\"urlTemplate\":\"https:\\\/\\\/dev.labmidia.com.br\\\/clinica\\\/agendamento\\\/\",\"inLanguage\":\"pt-BR\",\"actionPlatform\":[\"http:\\\/\\\/schema.org\\\/DesktopWebPlatform\",\"http:\\\/\\\/schema.org\\\/MobileWebPlatform\"]}}},{\"@type\":\"Person\",\"@id\":\"https:\\\/\\\/dev.labmidia.com.br\\\/clinica\\\/#\\\/schema\\\/person\\\/90484a139cca12de04b84a1bda7d4fc0\",\"name\":\"master.alfredo\",\"image\":{\"@type\":\"ImageObject\",\"inLanguage\":\"pt-BR\",\"@id\":\"https:\\\/\\\/secure.gravatar.com\\\/avatar\\\/e91bae7b56dc37752f8d333f716bc75ce944441b28237565ccb4990a213d775a?s=96&d=mm&r=g\",\"url\":\"https:\\\/\\\/secure.gravatar.com\\\/avatar\\\/e91bae7b56dc37752f8d333f716bc75ce944441b28237565ccb4990a213d775a?s=96&d=mm&r=g\",\"contentUrl\":\"https:\\\/\\\/secure.gravatar.com\\\/avatar\\\/e91bae7b56dc37752f8d333f716bc75ce944441b28237565ccb4990a213d775a?s=96&d=mm&r=g\",\"caption\":\"master.alfredo\",\"name\":\"Imagem da Cl\u00ednica da Cidade\",\"description\":\"Imagem institucional da Cl\u00ednica da Cidade.\",\"author\":{\"@type\":\"Organization\",\"name\":\"Cl\u00ednica da Cidade\"}},\"sameAs\":[\"http:\\\/\\\/localhost:8888\\\/clinica\"]}]}<\/script>\n<!-- \/ Yoast SEO plugin. -->","yoast_head_json":{"title":"Quando procurar um gastroenterologista? | Cl\u00ednica da Cidade","description":"O m\u00e9dico gastroenterologista \u00e9 respons\u00e1vel por cuidar de todo o sistema digestivo: boca, es\u00f4fago, est\u00f4mago, intestinos, p\u00e2ncreas e f\u00edgado.","robots":{"index":"noindex","follow":"follow","max-snippet":"max-snippet:-1","max-image-preview":"max-image-preview:large","max-video-preview":"max-video-preview:-1"},"og_locale":"pt_BR","og_type":"article","og_title":"Quando procurar um gastroenterologista? | Cl\u00ednica da Cidade","og_description":"O m\u00e9dico gastroenterologista \u00e9 respons\u00e1vel por cuidar de todo o sistema digestivo: boca, es\u00f4fago, est\u00f4mago, intestinos, p\u00e2ncreas e f\u00edgado.","og_url":"https:\/\/dev.labmidia.com.br\/clinica\/blog\/quando-procurar-um-gastroenterologista-2\/","og_site_name":"Cl\u00ednica da Cidade","article_publisher":"http:\/\/facebook.com\/clinicadacidade","article_published_time":"2020-04-15T20:22:43+00:00","og_image":[{"width":2560,"height":1742,"url":"https:\/\/dev.labmidia.com.br\/clinica\/wp-content\/uploads\/2020\/04\/news-gastro-scaled-1-1.jpg","type":"image\/jpeg"}],"twitter_card":"summary_large_image","twitter_misc":{"Escrito por":"master.alfredo","Est. tempo de leitura":"2 minutos"},"schema":{"@context":"https:\/\/schema.org","@graph":[{"@type":"Article","@id":"https:\/\/dev.labmidia.com.br\/clinica\/blog\/quando-procurar-um-gastroenterologista-2\/#article","isPartOf":{"@id":"https:\/\/dev.labmidia.com.br\/clinica\/blog\/quando-procurar-um-gastroenterologista-2\/"},"author":{"name":"master.alfredo","@id":"https:\/\/dev.labmidia.com.br\/clinica\/#\/schema\/person\/90484a139cca12de04b84a1bda7d4fc0"},"headline":"Quando procurar um gastroenterologista?","datePublished":"2020-04-15T20:22:43+00:00","mainEntityOfPage":{"@id":"https:\/\/dev.labmidia.com.br\/clinica\/blog\/quando-procurar-um-gastroenterologista-2\/"},"wordCount":484,"publisher":{"@id":"https:\/\/dev.labmidia.com.br\/clinica\/#organization"},"image":{"@id":"https:\/\/dev.labmidia.com.br\/clinica\/blog\/quando-procurar-um-gastroenterologista-2\/#primaryimage"},"thumbnailUrl":"https:\/\/dev.labmidia.com.br\/clinica\/wp-content\/uploads\/2020\/04\/news-gastro-scaled-1-1.jpg","articleSection":["Blog","Sa\u00fade"],"inLanguage":"pt-BR"},{"@type":"WebPage","@id":"https:\/\/dev.labmidia.com.br\/clinica\/blog\/quando-procurar-um-gastroenterologista-2\/","url":"https:\/\/dev.labmidia.com.br\/clinica\/blog\/quando-procurar-um-gastroenterologista-2\/","name":"Quando procurar um gastroenterologista? | Cl\u00ednica da Cidade","isPartOf":{"@id":"https:\/\/dev.labmidia.com.br\/clinica\/#website"},"primaryImageOfPage":{"@id":"https:\/\/dev.labmidia.com.br\/clinica\/blog\/quando-procurar-um-gastroenterologista-2\/#primaryimage"},"image":{"@id":"https:\/\/dev.labmidia.com.br\/clinica\/blog\/quando-procurar-um-gastroenterologista-2\/#primaryimage"},"thumbnailUrl":"https:\/\/dev.labmidia.com.br\/clinica\/wp-content\/uploads\/2020\/04\/news-gastro-scaled-1-1.jpg","datePublished":"2020-04-15T20:22:43+00:00","description":"O m\u00e9dico gastroenterologista \u00e9 respons\u00e1vel por cuidar de todo o sistema digestivo: boca, es\u00f4fago, est\u00f4mago, intestinos, p\u00e2ncreas e f\u00edgado.","breadcrumb":{"@id":"https:\/\/dev.labmidia.com.br\/clinica\/blog\/quando-procurar-um-gastroenterologista-2\/#breadcrumb"},"inLanguage":"pt-BR","potentialAction":[{"@type":"ReadAction","target":["https:\/\/dev.labmidia.com.br\/clinica\/blog\/quando-procurar-um-gastroenterologista-2\/"]}]},{"@type":"ImageObject","inLanguage":"pt-BR","@id":"https:\/\/dev.labmidia.com.br\/clinica\/blog\/quando-procurar-um-gastroenterologista-2\/#primaryimage","url":"https:\/\/dev.labmidia.com.br\/clinica\/wp-content\/uploads\/2020\/04\/news-gastro-scaled-1-1.jpg","contentUrl":"https:\/\/dev.labmidia.com.br\/clinica\/wp-content\/uploads\/2020\/04\/news-gastro-scaled-1-1.jpg","width":2560,"height":1742,"name":"Imagem da Cl\u00ednica da Cidade","description":"Imagem institucional da Cl\u00ednica da Cidade.","caption":"Imagem da Cl\u00ednica da Cidade","author":{"@type":"Organization","name":"Cl\u00ednica da Cidade"}},{"@type":"BreadcrumbList","@id":"https:\/\/dev.labmidia.com.br\/clinica\/blog\/quando-procurar-um-gastroenterologista-2\/#breadcrumb","itemListElement":[{"@type":"ListItem","position":1,"name":"In\u00edcio","item":"https:\/\/dev.labmidia.com.br\/clinica\/"},{"@type":"ListItem","position":2,"name":"Quando procurar um gastroenterologista?"}]},{"@type":"WebSite","@id":"https:\/\/dev.labmidia.com.br\/clinica\/#website","url":"https:\/\/dev.labmidia.com.br\/clinica\/","name":"Cl\u00ednica da Cidade","description":"Cl\u00ednica m\u00e9dica popular com consultas e exames a pre\u00e7os acess\u00edveis.","publisher":{"@type":"Organization","@id":"https:\/\/dev.labmidia.com.br\/clinica\/#\/schema\/organization\/1","name":"Cl\u00ednica da Cidade"},"potentialAction":[{"@type":"SearchAction","target":"https:\/\/dev.labmidia.com.br\/clinica\/?s={search_term_string}","query-input":"required name=search_term_string"},{"@type":"ReserveAction","name":"Agendar online","target":{"@type":"EntryPoint","urlTemplate":"https:\/\/dev.labmidia.com.br\/clinica\/agendamento\/","inLanguage":"pt-BR","actionPlatform":["http:\/\/schema.org\/DesktopWebPlatform","http:\/\/schema.org\/MobileWebPlatform"]}}],"inLanguage":"pt-BR"},{"@type":"Organization","@id":"https:\/\/dev.labmidia.com.br\/clinica\/#organization","name":"Cl\u00ednica da Cidade","url":"https:\/\/dev.labmidia.com.br\/clinica\/","logo":{"@type":"ImageObject","url":"https:\/\/dev.labmidia.com.br\/clinica\/wp-content\/themes\/clinica\/assets\/img\/logo-clinica.svg","name":"Imagem da Cl\u00ednica da Cidade","description":"Imagem institucional da Cl\u00ednica da Cidade.","caption":"Imagem da Cl\u00ednica da Cidade","author":{"@type":"Organization","name":"Cl\u00ednica da Cidade"}},"image":{"@type":"ImageObject","url":"https:\/\/www.clinicadacidade.com.br\/wp-content\/uploads\/2025\/11\/Logo_horizontal-scaled.jpg","name":"Imagem da Cl\u00ednica da Cidade","description":"Imagem institucional da Cl\u00ednica da Cidade.","caption":"Imagem da Cl\u00ednica da Cidade","author":{"@type":"Organization","name":"Cl\u00ednica da Cidade"}},"sameAs":["https:\/\/www.instagram.com\/clinicadacidade\/","https:\/\/www.facebook.com\/clinicadacidade","https:\/\/www.youtube.com\/ClinicadaCidadeOficial","https:\/\/www.linkedin.com\/company\/clinicadacidade\/"],"description":"Rede de medicina acess\u00edvel com consultas, exames e check-ups.","contactPoint":[{"@type":"ContactPoint","contactType":"customer support","availableLanguage":["pt-BR"],"areaServed":"BR","email":"contato@clinicadacidade.com.br"}],"address":{"@type":"PostalAddress","streetAddress":"Rua Oriente, 91, Segundo andar","addressLocality":"Campinas","addressRegion":"SP","postalCode":"13090-740","addressCountry":"BR"},"areaServed":"BR","knowsAbout":["Consultas m\u00e9dicas","Exames m\u00e9dicos","Check-ups","Medicina acess\u00edvel"],"potentialAction":{"@type":"ReserveAction","name":"Agendar consulta, exame ou check-up","target":{"@type":"EntryPoint","urlTemplate":"https:\/\/dev.labmidia.com.br\/clinica\/agendamento\/","inLanguage":"pt-BR","actionPlatform":["http:\/\/schema.org\/DesktopWebPlatform","http:\/\/schema.org\/MobileWebPlatform"]}}},{"@type":"Person","@id":"https:\/\/dev.labmidia.com.br\/clinica\/#\/schema\/person\/90484a139cca12de04b84a1bda7d4fc0","name":"master.alfredo","image":{"@type":"ImageObject","inLanguage":"pt-BR","@id":"https:\/\/secure.gravatar.com\/avatar\/e91bae7b56dc37752f8d333f716bc75ce944441b28237565ccb4990a213d775a?s=96&d=mm&r=g","url":"https:\/\/secure.gravatar.com\/avatar\/e91bae7b56dc37752f8d333f716bc75ce944441b28237565ccb4990a213d775a?s=96&d=mm&r=g","contentUrl":"https:\/\/secure.gravatar.com\/avatar\/e91bae7b56dc37752f8d333f716bc75ce944441b28237565ccb4990a213d775a?s=96&d=mm&r=g","caption":"master.alfredo","name":"Imagem da Cl\u00ednica da Cidade","description":"Imagem institucional da Cl\u00ednica da Cidade.","author":{"@type":"Organization","name":"Cl\u00ednica da Cidade"}},"sameAs":["http:\/\/localhost:8888\/clinica"]}]}},"_links":{"self":[{"href":"https:\/\/dev.labmidia.com.br\/clinica\/wp-json\/wp\/v2\/posts\/3537","targetHints":{"allow":["GET"]}}],"collection":[{"href":"https:\/\/dev.labmidia.com.br\/clinica\/wp-json\/wp\/v2\/posts"}],"about":[{"href":"https:\/\/dev.labmidia.com.br\/clinica\/wp-json\/wp\/v2\/types\/post"}],"author":[{"embeddable":true,"href":"https:\/\/dev.labmidia.com.br\/clinica\/wp-json\/wp\/v2\/users\/1"}],"replies":[{"embeddable":true,"href":"https:\/\/dev.labmidia.com.br\/clinica\/wp-json\/wp\/v2\/comments?post=3537"}],"version-history":[{"count":0,"href":"https:\/\/dev.labmidia.com.br\/clinica\/wp-json\/wp\/v2\/posts\/3537\/revisions"}],"wp:featuredmedia":[{"embeddable":true,"href":"https:\/\/dev.labmidia.com.br\/clinica\/wp-json\/wp\/v2\/media\/3539"}],"wp:attachment":[{"href":"https:\/\/dev.labmidia.com.br\/clinica\/wp-json\/wp\/v2\/media?parent=3537"}],"wp:term":[{"taxonomy":"category","embeddable":true,"href":"https:\/\/dev.labmidia.com.br\/clinica\/wp-json\/wp\/v2\/categories?post=3537"},{"taxonomy":"post_tag","embeddable":true,"href":"https:\/\/dev.labmidia.com.br\/clinica\/wp-json\/wp\/v2\/tags?post=3537"}],"curies":[{"name":"wp","href":"https:\/\/api.w.org\/{rel}","templated":true}]}}