{"id":28573,"date":"2024-12-23T00:16:32","date_gmt":"2024-12-23T03:16:32","guid":{"rendered":"https:\/\/dev.clinicadacidade.com.br\/?p=28573"},"modified":"2024-12-23T00:16:32","modified_gmt":"2024-12-23T03:16:32","slug":"como-evitar-insolacao-e-aproveitar-o-verao-com-saude","status":"publish","type":"post","link":"https:\/\/dev.labmidia.com.br\/clinica\/blog\/como-evitar-insolacao-e-aproveitar-o-verao-com-saude\/","title":{"rendered":"Como evitar insola\u00e7\u00e3o e aproveitar o ver\u00e3o com sa\u00fade"},"content":{"rendered":"<p>O ver\u00e3o \u00e9 a esta\u00e7\u00e3o preferida de muitas pessoas para aproveitar praias, piscinas e atividades ao ar livre. No entanto, a exposi\u00e7\u00e3o excessiva ao sol e ao calor pode causar s\u00e9rios problemas de sa\u00fade, como a insola\u00e7\u00e3o. Essa condi\u00e7\u00e3o ocorre quando o corpo n\u00e3o consegue regular a pr\u00f3pria temperatura, levando a sintomas como febre alta, tontura e confus\u00e3o mental, e pode at\u00e9 ser fatal em casos graves. Neste post, vamos explicar como prevenir a insola\u00e7\u00e3o no ver\u00e3o e garantir que voc\u00ea curta a esta\u00e7\u00e3o de forma segura e saud\u00e1vel.<\/p>\n<h3 class=\"wp-block-heading\"><strong>1. O Que \u00e9 a Insola\u00e7\u00e3o e Por Que Ela Acontece?<\/strong><\/h3>\n<p>A insola\u00e7\u00e3o \u00e9 uma condi\u00e7\u00e3o grave que ocorre quando a temperatura corporal aumenta rapidamente, ultrapassando os 40\u00b0C, devido \u00e0 exposi\u00e7\u00e3o prolongada ao calor extremo ou ao sol direto. Isso acontece porque o corpo perde a capacidade de regular a temperatura por meio do suor.<\/p>\n<p>Os principais fatores que contribuem para a insola\u00e7\u00e3o s\u00e3o:<\/p>\n<ul class=\"wp-block-list\">\n<li>Exposi\u00e7\u00e3o prolongada ao sol sem prote\u00e7\u00e3o.<\/li>\n<li>Falta de hidrata\u00e7\u00e3o adequada.<\/li>\n<li>Pr\u00e1tica de atividades f\u00edsicas intensas em hor\u00e1rios muito quentes.<\/li>\n<li>Uso de roupas inadequadas que dificultam a dissipa\u00e7\u00e3o do calor.<\/li>\n<\/ul>\n<h3 class=\"wp-block-heading\"><strong>2. Principais Sintomas da Insola\u00e7\u00e3o<\/strong><\/h3>\n<p>Reconhecer os sinais da insola\u00e7\u00e3o \u00e9 essencial para agir rapidamente. Os principais sintomas incluem:<\/p>\n<ul class=\"wp-block-list\">\n<li>Febre alta (acima de 40\u00b0C).<\/li>\n<li>Pele quente, avermelhada e seca (sem suor).<\/li>\n<li>Tontura e fraqueza.<\/li>\n<li>N\u00e1useas e v\u00f4mitos.<\/li>\n<li>Dor de cabe\u00e7a intensa.<\/li>\n<li>Confus\u00e3o mental, dificuldade para se concentrar ou at\u00e9 perda de consci\u00eancia.<\/li>\n<\/ul>\n<p>Ao perceber esses sintomas, procure ajuda m\u00e9dica imediatamente.<\/p>\n<h3 class=\"wp-block-heading\"><strong>3. Como Prevenir a Insola\u00e7\u00e3o no Ver\u00e3o<\/strong><\/h3>\n<p>A preven\u00e7\u00e3o da insola\u00e7\u00e3o envolve cuidados simples, mas eficazes, que podem ser facilmente incorporados \u00e0 sua rotina de ver\u00e3o. Crian\u00e7as e idosos s\u00e3o mais vulner\u00e1veis \u00e0 insola\u00e7\u00e3o devido \u00e0 menor capacidade de regular a temperatura corporal, cuidado redobrado com eles.<\/p>\n<h4 class=\"wp-block-heading\"><strong>3.1. Evite a exposi\u00e7\u00e3o ao sol nos hor\u00e1rios de pico<\/strong><\/h4>\n<p>Os raios solares s\u00e3o mais intensos entre 10h e 16h. Durante esse per\u00edodo, prefira ficar em locais frescos e sombreados.<\/p>\n<h4 class=\"wp-block-heading\"><strong>3.2. Use roupas adequadas<\/strong><\/h4>\n<p>Opte por roupas leves, de cores claras e feitas de tecidos que permitam a ventila\u00e7\u00e3o, como algod\u00e3o ou linho. Chap\u00e9us de abas largas e \u00f3culos de sol com prote\u00e7\u00e3o UV tamb\u00e9m s\u00e3o indispens\u00e1veis.<\/p>\n<h4 class=\"wp-block-heading\"><strong>3.3. Mantenha-se Hidratado<\/strong><\/h4>\n<p>Beba \u00e1gua regularmente, mesmo que n\u00e3o sinta sede. Inclua na sua rotina bebidas naturais, como \u00e1gua de coco e sucos de frutas, para ajudar na reposi\u00e7\u00e3o de eletr\u00f3litos.<\/p>\n<h4 class=\"wp-block-heading\"><strong>3.4. Aplique Protetor Solar<\/strong><\/h4>\n<p>O uso de protetor solar com FPS adequado \u00e9 fundamental para proteger a pele dos danos causados pelo sol. Reaplique conforme a recomenda\u00e7\u00e3o do fabricante ou do seu dermatologista e especialmente se estiver suando ou ap\u00f3s entrar na \u00e1gua.<\/p>\n<h4 class=\"wp-block-heading\"><strong>3.5. Evite Esfor\u00e7o F\u00edsico Excessivo em Dias Quentes<\/strong><\/h4>\n<p>Se for praticar exerc\u00edcios, escolha hor\u00e1rios mais frescos, como o in\u00edcio da manh\u00e3 ou o final da tarde, e n\u00e3o esque\u00e7a de se hidratar durante a atividade.<\/p>\n<h4 class=\"wp-block-heading\"><strong>3.6. Refresque o Corpo Regularmente<\/strong><\/h4>\n<p>Use toalhas \u00famidas ou tome banhos frios para ajudar a baixar a temperatura corporal nos dias mais quentes.<\/p>\n<h3 class=\"wp-block-heading\"><strong>Conclus\u00e3o<\/strong><\/h3>\n<p>A insola\u00e7\u00e3o \u00e9 um problema s\u00e9rio que pode ser evitado com medidas simples, como evitar o sol nos hor\u00e1rios de pico, hidratar-se bem, usar roupas adequadas e proteger a pele com protetor solar. O ver\u00e3o pode ser aproveitado com seguran\u00e7a quando priorizamos os cuidados com a sa\u00fade e a preven\u00e7\u00e3o de problemas causados pelo calor excessivo.<\/p>\n<h3 class=\"wp-block-heading\"><strong>Como a Cl\u00ednica da Cidade pode te ajudar?<\/strong><\/h3>\n<p><a href=\"https:\/\/dev.labmidia.com.br\/clinica\/\">A Cl\u00ednica da Cidade<\/a> oferece consultas com <a href=\"https:\/\/dev.labmidia.com.br\/clinica\/consultas\/dermatologia\/\">dermatologistas<\/a> para avaliar sua pele e recomendar o protetor solar mais adequado ao seu tipo de pele. Al\u00e9m disso, voc\u00ea pode receber dicas personalizadas para proteger sua pele, evitar a insola\u00e7\u00e3o e enfrentar o calor com sa\u00fade. <a href=\"https:\/\/dev.labmidia.com.br\/clinica\/agendamento-online\/\">Agende sua consulta<\/a> e aproveite o ver\u00e3o de forma segura e consciente!<\/p><\/p>\n","protected":false},"excerpt":{"rendered":"<p>O ver\u00e3o \u00e9 a esta\u00e7\u00e3o preferida de muitas pessoas para aproveitar praias, piscinas e atividades ao ar livre. No entanto, a exposi\u00e7\u00e3o excessiva ao [&hellip;]<\/p>\n","protected":false},"author":1,"featured_media":28575,"comment_status":"closed","ping_status":"open","sticky":false,"template":"","format":"standard","meta":{"_acf_changed":false,"footnotes":""},"categories":[164,158],"tags":[],"class_list":["post-28573","post","type-post","status-publish","format-standard","has-post-thumbnail","hentry","category-clinica-geral","category-saude"],"acf":[],"yoast_head":"<!-- This site is optimized with the Yoast SEO plugin v28.3 - https:\/\/yoast.com\/product\/yoast-seo-wordpress\/ -->\n<title>Como evitar insola\u00e7\u00e3o e aproveitar o ver\u00e3o com sa\u00fade | Cl\u00ednica da Cidade<\/title>\n<meta name=\"description\" content=\"O ver\u00e3o \u00e9 a esta\u00e7\u00e3o preferida de muitas pessoas para aproveitar praias, piscinas e atividades ao ar livre. No entanto, a exposi\u00e7\u00e3o excessiva ao sol e ao Evite a insola\u00e7\u00e3o no ver\u00e3o com dicas pr\u00e1ticas! Saiba como proteger sua sa\u00fade contra o calor extremo, manter-se hidratado e aproveitar a esta\u00e7\u00e3o com seguran\u00e7a.\" \/>\n<meta name=\"robots\" content=\"noindex, follow, max-snippet:-1, max-image-preview:large, max-video-preview:-1\" \/>\n<meta property=\"og:locale\" content=\"pt_BR\" \/>\n<meta property=\"og:type\" content=\"article\" \/>\n<meta property=\"og:title\" content=\"Como evitar insola\u00e7\u00e3o e aproveitar o ver\u00e3o com sa\u00fade | Cl\u00ednica da Cidade\" \/>\n<meta property=\"og:description\" content=\"O ver\u00e3o \u00e9 a esta\u00e7\u00e3o preferida de muitas pessoas para aproveitar praias, piscinas e atividades ao ar livre. No entanto, a exposi\u00e7\u00e3o excessiva ao sol e ao Evite a insola\u00e7\u00e3o no ver\u00e3o com dicas pr\u00e1ticas! Saiba como proteger sua sa\u00fade contra o calor extremo, manter-se hidratado e aproveitar a esta\u00e7\u00e3o com seguran\u00e7a.\" \/>\n<meta property=\"og:url\" content=\"https:\/\/dev.labmidia.com.br\/clinica\/blog\/como-evitar-insolacao-e-aproveitar-o-verao-com-saude\/\" \/>\n<meta property=\"og:site_name\" content=\"Cl\u00ednica da Cidade\" \/>\n<meta property=\"article:publisher\" content=\"http:\/\/facebook.com\/clinicadacidade\" \/>\n<meta property=\"article:published_time\" content=\"2024-12-23T03:16:32+00:00\" \/>\n<meta property=\"og:image\" content=\"https:\/\/dev.labmidia.com.br\/clinica\/wp-content\/uploads\/2025\/01\/adobestock1088464075-scaled-1-1.jpeg\" \/>\n\t<meta property=\"og:image:width\" content=\"2560\" \/>\n\t<meta property=\"og:image:height\" content=\"1435\" \/>\n\t<meta property=\"og:image:type\" content=\"image\/jpeg\" \/>\n<meta name=\"twitter:card\" content=\"summary_large_image\" \/>\n<meta name=\"twitter:label1\" content=\"Escrito por\" \/>\n\t<meta name=\"twitter:data1\" content=\"master.alfredo\" \/>\n\t<meta name=\"twitter:label2\" content=\"Est. tempo de leitura\" \/>\n\t<meta name=\"twitter:data2\" content=\"4 minutos\" \/>\n<script type=\"application\/ld+json\" class=\"yoast-schema-graph\">{\"@context\":\"https:\\\/\\\/schema.org\",\"@graph\":[{\"@type\":\"Article\",\"@id\":\"https:\\\/\\\/dev.labmidia.com.br\\\/clinica\\\/blog\\\/como-evitar-insolacao-e-aproveitar-o-verao-com-saude\\\/#article\",\"isPartOf\":{\"@id\":\"https:\\\/\\\/dev.labmidia.com.br\\\/clinica\\\/blog\\\/como-evitar-insolacao-e-aproveitar-o-verao-com-saude\\\/\"},\"author\":{\"name\":\"master.alfredo\",\"@id\":\"https:\\\/\\\/dev.labmidia.com.br\\\/clinica\\\/#\\\/schema\\\/person\\\/90484a139cca12de04b84a1bda7d4fc0\"},\"headline\":\"Como evitar insola\u00e7\u00e3o e aproveitar o ver\u00e3o com sa\u00fade\",\"datePublished\":\"2024-12-23T03:16:32+00:00\",\"mainEntityOfPage\":{\"@id\":\"https:\\\/\\\/dev.labmidia.com.br\\\/clinica\\\/blog\\\/como-evitar-insolacao-e-aproveitar-o-verao-com-saude\\\/\"},\"wordCount\":683,\"publisher\":{\"@id\":\"https:\\\/\\\/dev.labmidia.com.br\\\/clinica\\\/#organization\"},\"image\":{\"@id\":\"https:\\\/\\\/dev.labmidia.com.br\\\/clinica\\\/blog\\\/como-evitar-insolacao-e-aproveitar-o-verao-com-saude\\\/#primaryimage\"},\"thumbnailUrl\":\"https:\\\/\\\/dev.labmidia.com.br\\\/clinica\\\/wp-content\\\/uploads\\\/2025\\\/01\\\/adobestock1088464075-scaled-1-1.jpeg\",\"articleSection\":[\"Cl\u00ednica Geral\",\"Sa\u00fade\"],\"inLanguage\":\"pt-BR\"},{\"@type\":\"WebPage\",\"@id\":\"https:\\\/\\\/dev.labmidia.com.br\\\/clinica\\\/blog\\\/como-evitar-insolacao-e-aproveitar-o-verao-com-saude\\\/\",\"url\":\"https:\\\/\\\/dev.labmidia.com.br\\\/clinica\\\/blog\\\/como-evitar-insolacao-e-aproveitar-o-verao-com-saude\\\/\",\"name\":\"Como evitar insola\u00e7\u00e3o e aproveitar o ver\u00e3o com sa\u00fade | Cl\u00ednica da Cidade\",\"isPartOf\":{\"@id\":\"https:\\\/\\\/dev.labmidia.com.br\\\/clinica\\\/#website\"},\"primaryImageOfPage\":{\"@id\":\"https:\\\/\\\/dev.labmidia.com.br\\\/clinica\\\/blog\\\/como-evitar-insolacao-e-aproveitar-o-verao-com-saude\\\/#primaryimage\"},\"image\":{\"@id\":\"https:\\\/\\\/dev.labmidia.com.br\\\/clinica\\\/blog\\\/como-evitar-insolacao-e-aproveitar-o-verao-com-saude\\\/#primaryimage\"},\"thumbnailUrl\":\"https:\\\/\\\/dev.labmidia.com.br\\\/clinica\\\/wp-content\\\/uploads\\\/2025\\\/01\\\/adobestock1088464075-scaled-1-1.jpeg\",\"datePublished\":\"2024-12-23T03:16:32+00:00\",\"description\":\"O ver\u00e3o \u00e9 a esta\u00e7\u00e3o preferida de muitas pessoas para aproveitar praias, piscinas e atividades ao ar livre. No entanto, a exposi\u00e7\u00e3o excessiva ao sol e ao Evite a insola\u00e7\u00e3o no ver\u00e3o com dicas pr\u00e1ticas! Saiba como proteger sua sa\u00fade contra o calor extremo, manter-se hidratado e aproveitar a esta\u00e7\u00e3o com seguran\u00e7a.\",\"breadcrumb\":{\"@id\":\"https:\\\/\\\/dev.labmidia.com.br\\\/clinica\\\/blog\\\/como-evitar-insolacao-e-aproveitar-o-verao-com-saude\\\/#breadcrumb\"},\"inLanguage\":\"pt-BR\",\"potentialAction\":[{\"@type\":\"ReadAction\",\"target\":[\"https:\\\/\\\/dev.labmidia.com.br\\\/clinica\\\/blog\\\/como-evitar-insolacao-e-aproveitar-o-verao-com-saude\\\/\"]}]},{\"@type\":\"ImageObject\",\"inLanguage\":\"pt-BR\",\"@id\":\"https:\\\/\\\/dev.labmidia.com.br\\\/clinica\\\/blog\\\/como-evitar-insolacao-e-aproveitar-o-verao-com-saude\\\/#primaryimage\",\"url\":\"https:\\\/\\\/dev.labmidia.com.br\\\/clinica\\\/wp-content\\\/uploads\\\/2025\\\/01\\\/adobestock1088464075-scaled-1-1.jpeg\",\"contentUrl\":\"https:\\\/\\\/dev.labmidia.com.br\\\/clinica\\\/wp-content\\\/uploads\\\/2025\\\/01\\\/adobestock1088464075-scaled-1-1.jpeg\",\"width\":2560,\"height\":1435,\"caption\":\"A bright, sunny hot summer day with people wearing sunglasses and light clothing\",\"name\":\"Imagem da Cl\u00ednica da Cidade\",\"description\":\"Imagem institucional da Cl\u00ednica da Cidade.\",\"author\":{\"@type\":\"Organization\",\"name\":\"Cl\u00ednica da Cidade\"}},{\"@type\":\"BreadcrumbList\",\"@id\":\"https:\\\/\\\/dev.labmidia.com.br\\\/clinica\\\/blog\\\/como-evitar-insolacao-e-aproveitar-o-verao-com-saude\\\/#breadcrumb\",\"itemListElement\":[{\"@type\":\"ListItem\",\"position\":1,\"name\":\"In\u00edcio\",\"item\":\"https:\\\/\\\/dev.labmidia.com.br\\\/clinica\\\/\"},{\"@type\":\"ListItem\",\"position\":2,\"name\":\"Como evitar insola\u00e7\u00e3o e aproveitar o ver\u00e3o com sa\u00fade\"}]},{\"@type\":\"WebSite\",\"@id\":\"https:\\\/\\\/dev.labmidia.com.br\\\/clinica\\\/#website\",\"url\":\"https:\\\/\\\/dev.labmidia.com.br\\\/clinica\\\/\",\"name\":\"Cl\u00ednica da Cidade\",\"description\":\"Cl\u00ednica m\u00e9dica popular com consultas e exames a pre\u00e7os acess\u00edveis.\",\"publisher\":{\"@type\":\"Organization\",\"@id\":\"https:\\\/\\\/dev.labmidia.com.br\\\/clinica\\\/#\\\/schema\\\/organization\\\/1\",\"name\":\"Cl\u00ednica da Cidade\"},\"potentialAction\":[{\"@type\":\"SearchAction\",\"target\":\"https:\\\/\\\/dev.labmidia.com.br\\\/clinica\\\/?s={search_term_string}\",\"query-input\":\"required name=search_term_string\"},{\"@type\":\"ReserveAction\",\"name\":\"Agendar online\",\"target\":{\"@type\":\"EntryPoint\",\"urlTemplate\":\"https:\\\/\\\/dev.labmidia.com.br\\\/clinica\\\/agendamento\\\/\",\"inLanguage\":\"pt-BR\",\"actionPlatform\":[\"http:\\\/\\\/schema.org\\\/DesktopWebPlatform\",\"http:\\\/\\\/schema.org\\\/MobileWebPlatform\"]}}],\"inLanguage\":\"pt-BR\"},{\"@type\":\"Organization\",\"@id\":\"https:\\\/\\\/dev.labmidia.com.br\\\/clinica\\\/#organization\",\"name\":\"Cl\u00ednica da Cidade\",\"url\":\"https:\\\/\\\/dev.labmidia.com.br\\\/clinica\\\/\",\"logo\":{\"@type\":\"ImageObject\",\"url\":\"https:\\\/\\\/dev.labmidia.com.br\\\/clinica\\\/wp-content\\\/themes\\\/clinica\\\/assets\\\/img\\\/logo-clinica.svg\",\"name\":\"Imagem da Cl\u00ednica da Cidade\",\"description\":\"Imagem institucional da Cl\u00ednica da Cidade.\",\"caption\":\"Imagem da Cl\u00ednica da Cidade\",\"author\":{\"@type\":\"Organization\",\"name\":\"Cl\u00ednica da Cidade\"}},\"image\":{\"@type\":\"ImageObject\",\"url\":\"https:\\\/\\\/www.clinicadacidade.com.br\\\/wp-content\\\/uploads\\\/2025\\\/11\\\/Logo_horizontal-scaled.jpg\",\"name\":\"Imagem da Cl\u00ednica da Cidade\",\"description\":\"Imagem institucional da Cl\u00ednica da Cidade.\",\"caption\":\"Imagem da Cl\u00ednica da Cidade\",\"author\":{\"@type\":\"Organization\",\"name\":\"Cl\u00ednica da Cidade\"}},\"sameAs\":[\"https:\\\/\\\/www.instagram.com\\\/clinicadacidade\\\/\",\"https:\\\/\\\/www.facebook.com\\\/clinicadacidade\",\"https:\\\/\\\/www.youtube.com\\\/ClinicadaCidadeOficial\",\"https:\\\/\\\/www.linkedin.com\\\/company\\\/clinicadacidade\\\/\"],\"description\":\"Rede de medicina acess\u00edvel com consultas, exames e check-ups.\",\"contactPoint\":[{\"@type\":\"ContactPoint\",\"contactType\":\"customer support\",\"availableLanguage\":[\"pt-BR\"],\"areaServed\":\"BR\",\"email\":\"contato@clinicadacidade.com.br\"}],\"address\":{\"@type\":\"PostalAddress\",\"streetAddress\":\"Rua Oriente, 91, Segundo andar\",\"addressLocality\":\"Campinas\",\"addressRegion\":\"SP\",\"postalCode\":\"13090-740\",\"addressCountry\":\"BR\"},\"areaServed\":\"BR\",\"knowsAbout\":[\"Consultas m\u00e9dicas\",\"Exames m\u00e9dicos\",\"Check-ups\",\"Medicina acess\u00edvel\"],\"potentialAction\":{\"@type\":\"ReserveAction\",\"name\":\"Agendar consulta, exame ou check-up\",\"target\":{\"@type\":\"EntryPoint\",\"urlTemplate\":\"https:\\\/\\\/dev.labmidia.com.br\\\/clinica\\\/agendamento\\\/\",\"inLanguage\":\"pt-BR\",\"actionPlatform\":[\"http:\\\/\\\/schema.org\\\/DesktopWebPlatform\",\"http:\\\/\\\/schema.org\\\/MobileWebPlatform\"]}}},{\"@type\":\"Person\",\"@id\":\"https:\\\/\\\/dev.labmidia.com.br\\\/clinica\\\/#\\\/schema\\\/person\\\/90484a139cca12de04b84a1bda7d4fc0\",\"name\":\"master.alfredo\",\"image\":{\"@type\":\"ImageObject\",\"inLanguage\":\"pt-BR\",\"@id\":\"https:\\\/\\\/secure.gravatar.com\\\/avatar\\\/e91bae7b56dc37752f8d333f716bc75ce944441b28237565ccb4990a213d775a?s=96&d=mm&r=g\",\"url\":\"https:\\\/\\\/secure.gravatar.com\\\/avatar\\\/e91bae7b56dc37752f8d333f716bc75ce944441b28237565ccb4990a213d775a?s=96&d=mm&r=g\",\"contentUrl\":\"https:\\\/\\\/secure.gravatar.com\\\/avatar\\\/e91bae7b56dc37752f8d333f716bc75ce944441b28237565ccb4990a213d775a?s=96&d=mm&r=g\",\"caption\":\"master.alfredo\",\"name\":\"Imagem da Cl\u00ednica da Cidade\",\"description\":\"Imagem institucional da Cl\u00ednica da Cidade.\",\"author\":{\"@type\":\"Organization\",\"name\":\"Cl\u00ednica da Cidade\"}},\"sameAs\":[\"http:\\\/\\\/localhost:8888\\\/clinica\"]}]}<\/script>\n<!-- \/ Yoast SEO plugin. -->","yoast_head_json":{"title":"Como evitar insola\u00e7\u00e3o e aproveitar o ver\u00e3o com sa\u00fade | Cl\u00ednica da Cidade","description":"O ver\u00e3o \u00e9 a esta\u00e7\u00e3o preferida de muitas pessoas para aproveitar praias, piscinas e atividades ao ar livre. No entanto, a exposi\u00e7\u00e3o excessiva ao sol e ao Evite a insola\u00e7\u00e3o no ver\u00e3o com dicas pr\u00e1ticas! Saiba como proteger sua sa\u00fade contra o calor extremo, manter-se hidratado e aproveitar a esta\u00e7\u00e3o com seguran\u00e7a.","robots":{"index":"noindex","follow":"follow","max-snippet":"max-snippet:-1","max-image-preview":"max-image-preview:large","max-video-preview":"max-video-preview:-1"},"og_locale":"pt_BR","og_type":"article","og_title":"Como evitar insola\u00e7\u00e3o e aproveitar o ver\u00e3o com sa\u00fade | Cl\u00ednica da Cidade","og_description":"O ver\u00e3o \u00e9 a esta\u00e7\u00e3o preferida de muitas pessoas para aproveitar praias, piscinas e atividades ao ar livre. No entanto, a exposi\u00e7\u00e3o excessiva ao sol e ao Evite a insola\u00e7\u00e3o no ver\u00e3o com dicas pr\u00e1ticas! Saiba como proteger sua sa\u00fade contra o calor extremo, manter-se hidratado e aproveitar a esta\u00e7\u00e3o com seguran\u00e7a.","og_url":"https:\/\/dev.labmidia.com.br\/clinica\/blog\/como-evitar-insolacao-e-aproveitar-o-verao-com-saude\/","og_site_name":"Cl\u00ednica da Cidade","article_publisher":"http:\/\/facebook.com\/clinicadacidade","article_published_time":"2024-12-23T03:16:32+00:00","og_image":[{"width":2560,"height":1435,"url":"https:\/\/dev.labmidia.com.br\/clinica\/wp-content\/uploads\/2025\/01\/adobestock1088464075-scaled-1-1.jpeg","type":"image\/jpeg"}],"twitter_card":"summary_large_image","twitter_misc":{"Escrito por":"master.alfredo","Est. tempo de leitura":"4 minutos"},"schema":{"@context":"https:\/\/schema.org","@graph":[{"@type":"Article","@id":"https:\/\/dev.labmidia.com.br\/clinica\/blog\/como-evitar-insolacao-e-aproveitar-o-verao-com-saude\/#article","isPartOf":{"@id":"https:\/\/dev.labmidia.com.br\/clinica\/blog\/como-evitar-insolacao-e-aproveitar-o-verao-com-saude\/"},"author":{"name":"master.alfredo","@id":"https:\/\/dev.labmidia.com.br\/clinica\/#\/schema\/person\/90484a139cca12de04b84a1bda7d4fc0"},"headline":"Como evitar insola\u00e7\u00e3o e aproveitar o ver\u00e3o com sa\u00fade","datePublished":"2024-12-23T03:16:32+00:00","mainEntityOfPage":{"@id":"https:\/\/dev.labmidia.com.br\/clinica\/blog\/como-evitar-insolacao-e-aproveitar-o-verao-com-saude\/"},"wordCount":683,"publisher":{"@id":"https:\/\/dev.labmidia.com.br\/clinica\/#organization"},"image":{"@id":"https:\/\/dev.labmidia.com.br\/clinica\/blog\/como-evitar-insolacao-e-aproveitar-o-verao-com-saude\/#primaryimage"},"thumbnailUrl":"https:\/\/dev.labmidia.com.br\/clinica\/wp-content\/uploads\/2025\/01\/adobestock1088464075-scaled-1-1.jpeg","articleSection":["Cl\u00ednica Geral","Sa\u00fade"],"inLanguage":"pt-BR"},{"@type":"WebPage","@id":"https:\/\/dev.labmidia.com.br\/clinica\/blog\/como-evitar-insolacao-e-aproveitar-o-verao-com-saude\/","url":"https:\/\/dev.labmidia.com.br\/clinica\/blog\/como-evitar-insolacao-e-aproveitar-o-verao-com-saude\/","name":"Como evitar insola\u00e7\u00e3o e aproveitar o ver\u00e3o com sa\u00fade | Cl\u00ednica da Cidade","isPartOf":{"@id":"https:\/\/dev.labmidia.com.br\/clinica\/#website"},"primaryImageOfPage":{"@id":"https:\/\/dev.labmidia.com.br\/clinica\/blog\/como-evitar-insolacao-e-aproveitar-o-verao-com-saude\/#primaryimage"},"image":{"@id":"https:\/\/dev.labmidia.com.br\/clinica\/blog\/como-evitar-insolacao-e-aproveitar-o-verao-com-saude\/#primaryimage"},"thumbnailUrl":"https:\/\/dev.labmidia.com.br\/clinica\/wp-content\/uploads\/2025\/01\/adobestock1088464075-scaled-1-1.jpeg","datePublished":"2024-12-23T03:16:32+00:00","description":"O ver\u00e3o \u00e9 a esta\u00e7\u00e3o preferida de muitas pessoas para aproveitar praias, piscinas e atividades ao ar livre. No entanto, a exposi\u00e7\u00e3o excessiva ao sol e ao Evite a insola\u00e7\u00e3o no ver\u00e3o com dicas pr\u00e1ticas! Saiba como proteger sua sa\u00fade contra o calor extremo, manter-se hidratado e aproveitar a esta\u00e7\u00e3o com seguran\u00e7a.","breadcrumb":{"@id":"https:\/\/dev.labmidia.com.br\/clinica\/blog\/como-evitar-insolacao-e-aproveitar-o-verao-com-saude\/#breadcrumb"},"inLanguage":"pt-BR","potentialAction":[{"@type":"ReadAction","target":["https:\/\/dev.labmidia.com.br\/clinica\/blog\/como-evitar-insolacao-e-aproveitar-o-verao-com-saude\/"]}]},{"@type":"ImageObject","inLanguage":"pt-BR","@id":"https:\/\/dev.labmidia.com.br\/clinica\/blog\/como-evitar-insolacao-e-aproveitar-o-verao-com-saude\/#primaryimage","url":"https:\/\/dev.labmidia.com.br\/clinica\/wp-content\/uploads\/2025\/01\/adobestock1088464075-scaled-1-1.jpeg","contentUrl":"https:\/\/dev.labmidia.com.br\/clinica\/wp-content\/uploads\/2025\/01\/adobestock1088464075-scaled-1-1.jpeg","width":2560,"height":1435,"caption":"A bright, sunny hot summer day with people wearing sunglasses and light clothing","name":"Imagem da Cl\u00ednica da Cidade","description":"Imagem institucional da Cl\u00ednica da Cidade.","author":{"@type":"Organization","name":"Cl\u00ednica da Cidade"}},{"@type":"BreadcrumbList","@id":"https:\/\/dev.labmidia.com.br\/clinica\/blog\/como-evitar-insolacao-e-aproveitar-o-verao-com-saude\/#breadcrumb","itemListElement":[{"@type":"ListItem","position":1,"name":"In\u00edcio","item":"https:\/\/dev.labmidia.com.br\/clinica\/"},{"@type":"ListItem","position":2,"name":"Como evitar insola\u00e7\u00e3o e aproveitar o ver\u00e3o com sa\u00fade"}]},{"@type":"WebSite","@id":"https:\/\/dev.labmidia.com.br\/clinica\/#website","url":"https:\/\/dev.labmidia.com.br\/clinica\/","name":"Cl\u00ednica da Cidade","description":"Cl\u00ednica m\u00e9dica popular com consultas e exames a pre\u00e7os acess\u00edveis.","publisher":{"@type":"Organization","@id":"https:\/\/dev.labmidia.com.br\/clinica\/#\/schema\/organization\/1","name":"Cl\u00ednica da Cidade"},"potentialAction":[{"@type":"SearchAction","target":"https:\/\/dev.labmidia.com.br\/clinica\/?s={search_term_string}","query-input":"required name=search_term_string"},{"@type":"ReserveAction","name":"Agendar online","target":{"@type":"EntryPoint","urlTemplate":"https:\/\/dev.labmidia.com.br\/clinica\/agendamento\/","inLanguage":"pt-BR","actionPlatform":["http:\/\/schema.org\/DesktopWebPlatform","http:\/\/schema.org\/MobileWebPlatform"]}}],"inLanguage":"pt-BR"},{"@type":"Organization","@id":"https:\/\/dev.labmidia.com.br\/clinica\/#organization","name":"Cl\u00ednica da Cidade","url":"https:\/\/dev.labmidia.com.br\/clinica\/","logo":{"@type":"ImageObject","url":"https:\/\/dev.labmidia.com.br\/clinica\/wp-content\/themes\/clinica\/assets\/img\/logo-clinica.svg","name":"Imagem da Cl\u00ednica da Cidade","description":"Imagem institucional da Cl\u00ednica da Cidade.","caption":"Imagem da Cl\u00ednica da Cidade","author":{"@type":"Organization","name":"Cl\u00ednica da Cidade"}},"image":{"@type":"ImageObject","url":"https:\/\/www.clinicadacidade.com.br\/wp-content\/uploads\/2025\/11\/Logo_horizontal-scaled.jpg","name":"Imagem da Cl\u00ednica da Cidade","description":"Imagem institucional da Cl\u00ednica da Cidade.","caption":"Imagem da Cl\u00ednica da Cidade","author":{"@type":"Organization","name":"Cl\u00ednica da Cidade"}},"sameAs":["https:\/\/www.instagram.com\/clinicadacidade\/","https:\/\/www.facebook.com\/clinicadacidade","https:\/\/www.youtube.com\/ClinicadaCidadeOficial","https:\/\/www.linkedin.com\/company\/clinicadacidade\/"],"description":"Rede de medicina acess\u00edvel com consultas, exames e check-ups.","contactPoint":[{"@type":"ContactPoint","contactType":"customer support","availableLanguage":["pt-BR"],"areaServed":"BR","email":"contato@clinicadacidade.com.br"}],"address":{"@type":"PostalAddress","streetAddress":"Rua Oriente, 91, Segundo andar","addressLocality":"Campinas","addressRegion":"SP","postalCode":"13090-740","addressCountry":"BR"},"areaServed":"BR","knowsAbout":["Consultas m\u00e9dicas","Exames m\u00e9dicos","Check-ups","Medicina acess\u00edvel"],"potentialAction":{"@type":"ReserveAction","name":"Agendar consulta, exame ou check-up","target":{"@type":"EntryPoint","urlTemplate":"https:\/\/dev.labmidia.com.br\/clinica\/agendamento\/","inLanguage":"pt-BR","actionPlatform":["http:\/\/schema.org\/DesktopWebPlatform","http:\/\/schema.org\/MobileWebPlatform"]}}},{"@type":"Person","@id":"https:\/\/dev.labmidia.com.br\/clinica\/#\/schema\/person\/90484a139cca12de04b84a1bda7d4fc0","name":"master.alfredo","image":{"@type":"ImageObject","inLanguage":"pt-BR","@id":"https:\/\/secure.gravatar.com\/avatar\/e91bae7b56dc37752f8d333f716bc75ce944441b28237565ccb4990a213d775a?s=96&d=mm&r=g","url":"https:\/\/secure.gravatar.com\/avatar\/e91bae7b56dc37752f8d333f716bc75ce944441b28237565ccb4990a213d775a?s=96&d=mm&r=g","contentUrl":"https:\/\/secure.gravatar.com\/avatar\/e91bae7b56dc37752f8d333f716bc75ce944441b28237565ccb4990a213d775a?s=96&d=mm&r=g","caption":"master.alfredo","name":"Imagem da Cl\u00ednica da Cidade","description":"Imagem institucional da Cl\u00ednica da Cidade.","author":{"@type":"Organization","name":"Cl\u00ednica da Cidade"}},"sameAs":["http:\/\/localhost:8888\/clinica"]}]}},"_links":{"self":[{"href":"https:\/\/dev.labmidia.com.br\/clinica\/wp-json\/wp\/v2\/posts\/28573","targetHints":{"allow":["GET"]}}],"collection":[{"href":"https:\/\/dev.labmidia.com.br\/clinica\/wp-json\/wp\/v2\/posts"}],"about":[{"href":"https:\/\/dev.labmidia.com.br\/clinica\/wp-json\/wp\/v2\/types\/post"}],"author":[{"embeddable":true,"href":"https:\/\/dev.labmidia.com.br\/clinica\/wp-json\/wp\/v2\/users\/1"}],"replies":[{"embeddable":true,"href":"https:\/\/dev.labmidia.com.br\/clinica\/wp-json\/wp\/v2\/comments?post=28573"}],"version-history":[{"count":0,"href":"https:\/\/dev.labmidia.com.br\/clinica\/wp-json\/wp\/v2\/posts\/28573\/revisions"}],"wp:featuredmedia":[{"embeddable":true,"href":"https:\/\/dev.labmidia.com.br\/clinica\/wp-json\/wp\/v2\/media\/28575"}],"wp:attachment":[{"href":"https:\/\/dev.labmidia.com.br\/clinica\/wp-json\/wp\/v2\/media?parent=28573"}],"wp:term":[{"taxonomy":"category","embeddable":true,"href":"https:\/\/dev.labmidia.com.br\/clinica\/wp-json\/wp\/v2\/categories?post=28573"},{"taxonomy":"post_tag","embeddable":true,"href":"https:\/\/dev.labmidia.com.br\/clinica\/wp-json\/wp\/v2\/tags?post=28573"}],"curies":[{"name":"wp","href":"https:\/\/api.w.org\/{rel}","templated":true}]}}